{"id":13058,"date":"2016-05-26T15:35:56","date_gmt":"2016-05-26T15:35:56","guid":{"rendered":""},"modified":"2016-05-26T15:35:56","modified_gmt":"2016-05-26T15:35:56","slug":"cartelera-bajo-fuego-con-7-combates","status":"publish","type":"post","link":"https:\/\/sertv.gob.pa\/nacionalfm\/cartelera-bajo-fuego-con-7-combates\/","title":{"rendered":"Cartelera \u201cBajo Fuego\u201d con 7 combates"},"content":{"rendered":"<p>\nDe siete combates se conforma la cartelera &ldquo;Bajo Fuego&rdquo; que presenta este viernes 27 de mayo Promociones y Eventos del Istmo, en el Centro de Convenciones Vasco N\u00fa\u00f1ez de Balboa del Hotel Panam\u00e1, con la pelea estelar por el campeonato nacional de los pesos ligeros, entre el campe\u00f3n sante\u00f1o Eric Castro ante Ricardo &ldquo;El Cient\u00edfico&rdquo; N\u00fa\u00f1ez. <\/p>\n<p>En la pelea co estelar se miden en combate de revancha C\u00e9sar &ldquo;El Fronterizo&rdquo; Rivas del Dari\u00e9n ante el capitalino Jefrey Rosales, en combate realizado en la Copa Jos\u00e9 Sulaim\u00e1n, gan\u00f3 Rivas en discutida decisi\u00f3n. <\/p>\n<p>Edgar Valencia se enfrenta en complicado pleito al dominicano radicado en Panam\u00e1 Jonathan &ldquo;El Agua&rdquo; Arias, el ind\u00edgena Dirceu &ldquo;El Explosivo&rdquo; Cabarcas al venezolano radicado en Panam\u00e1, Iwer Henr\u00edquez, Addir &ldquo;The Viper&rdquo; S\u00e1nchez tendr\u00e1 acci\u00f3n ante el invicto Alexander Dur\u00e1n. <\/p>\n<p>El invicto Fernando &ldquo;La Pantera&rdquo; Mart\u00ednez tendr\u00e1 una prueba ante Daniel Moreno y en la pelea de abrir el ex campe\u00f3n Guantes de Oro y Centroamericano de boxeo ol\u00edmpico Jaime Mu\u00f1oz har\u00e1 su estreno en el boxeo profesional ante Juan Gonz\u00e1lez. <\/p>\n","protected":false},"excerpt":{"rendered":"<p>De siete combates se conforma la cartelera &ldquo;Bajo Fuego&rdquo; que <a href=\"https:\/\/sertv.gob.pa\/nacionalfm\/cartelera-bajo-fuego-con-7-combates\/\"> [&#8230;]<\/a><\/p>\n","protected":false},"author":1,"featured_media":13059,"comment_status":"closed","ping_status":"closed","sticky":false,"template":"","format":"standard","meta":{"footnotes":""},"categories":[4],"tags":[],"class_list":["post-13058","post","type-post","status-publish","format-standard","has-post-thumbnail","hentry","category-deportes"],"_links":{"self":[{"href":"https:\/\/sertv.gob.pa\/nacionalfm\/wp-json\/wp\/v2\/posts\/13058","targetHints":{"allow":["GET"]}}],"collection":[{"href":"https:\/\/sertv.gob.pa\/nacionalfm\/wp-json\/wp\/v2\/posts"}],"about":[{"href":"https:\/\/sertv.gob.pa\/nacionalfm\/wp-json\/wp\/v2\/types\/post"}],"author":[{"embeddable":true,"href":"https:\/\/sertv.gob.pa\/nacionalfm\/wp-json\/wp\/v2\/users\/1"}],"replies":[{"embeddable":true,"href":"https:\/\/sertv.gob.pa\/nacionalfm\/wp-json\/wp\/v2\/comments?post=13058"}],"version-history":[{"count":0,"href":"https:\/\/sertv.gob.pa\/nacionalfm\/wp-json\/wp\/v2\/posts\/13058\/revisions"}],"wp:featuredmedia":[{"embeddable":true,"href":"https:\/\/sertv.gob.pa\/nacionalfm\/wp-json\/wp\/v2\/media\/13059"}],"wp:attachment":[{"href":"https:\/\/sertv.gob.pa\/nacionalfm\/wp-json\/wp\/v2\/media?parent=13058"}],"wp:term":[{"taxonomy":"category","embeddable":true,"href":"https:\/\/sertv.gob.pa\/nacionalfm\/wp-json\/wp\/v2\/categories?post=13058"},{"taxonomy":"post_tag","embeddable":true,"href":"https:\/\/sertv.gob.pa\/nacionalfm\/wp-json\/wp\/v2\/tags?post=13058"}],"curies":[{"name":"wp","href":"https:\/\/api.w.org\/{rel}","templated":true}]}}