{"id":13078,"date":"2016-05-26T20:46:38","date_gmt":"2016-05-26T20:46:38","guid":{"rendered":""},"modified":"2016-05-26T20:46:38","modified_gmt":"2016-05-26T20:46:38","slug":"panama-sede-del-camex-2016","status":"publish","type":"post","link":"https:\/\/sertv.gob.pa\/nacionalfm\/panama-sede-del-camex-2016\/","title":{"rendered":"Panam\u00e1 sede del CAMEX 2016"},"content":{"rendered":"<p>\nPanam\u00e1 ser\u00e1 la sede del Centroamericano y M\u00e9xico de Nataci\u00f3n y Aguas Abiertas,\u00a0 CAMEX 2016, que se efectuar\u00e1 del 7 al 13 de junio pr\u00f3ximo seg\u00fan confirm\u00f3 el presidente de la Federaci\u00f3n Paname\u00f1a de Nataci\u00f3n, Franz Wever. <\/p>\n<p>Wever, aclar\u00f3 que a pesar de que la piscina Eileen Coparropa, una de las sedes del CAMEX 2016, se encuentra en etapa de reconstrucci\u00f3n, se reacondicionar\u00e1 para que se pueda competir en dicha pileta <\/p>\n<p>&ldquo;Gracias al apoyo de PANDEPORTES y al Presidente de la Rep\u00fablica de \u00a0Panam\u00e1 podr\u00e1 cumplir con el compromiso de ser anfitri\u00f3n del CAMEX \u00a02016, \u00a0albergando a m\u00e1s de 400 nadadores de 6 pa\u00edses, durante esa semana reacondicionaremos la piscina Coparropa para darle todas las facilidades y garant\u00edas a los atletas durante las competencias para luego posterior al CAMEX \u00a02016 continuar con las remodelaciones de la piscina&rdquo; asegur\u00f3 Wever. <\/p>\n","protected":false},"excerpt":{"rendered":"<p>Panam\u00e1 ser\u00e1 la sede del Centroamericano y M\u00e9xico de Nataci\u00f3n <a href=\"https:\/\/sertv.gob.pa\/nacionalfm\/panama-sede-del-camex-2016\/\"> [&#8230;]<\/a><\/p>\n","protected":false},"author":1,"featured_media":13079,"comment_status":"closed","ping_status":"closed","sticky":false,"template":"","format":"standard","meta":{"footnotes":""},"categories":[4],"tags":[],"class_list":["post-13078","post","type-post","status-publish","format-standard","has-post-thumbnail","hentry","category-deportes"],"_links":{"self":[{"href":"https:\/\/sertv.gob.pa\/nacionalfm\/wp-json\/wp\/v2\/posts\/13078","targetHints":{"allow":["GET"]}}],"collection":[{"href":"https:\/\/sertv.gob.pa\/nacionalfm\/wp-json\/wp\/v2\/posts"}],"about":[{"href":"https:\/\/sertv.gob.pa\/nacionalfm\/wp-json\/wp\/v2\/types\/post"}],"author":[{"embeddable":true,"href":"https:\/\/sertv.gob.pa\/nacionalfm\/wp-json\/wp\/v2\/users\/1"}],"replies":[{"embeddable":true,"href":"https:\/\/sertv.gob.pa\/nacionalfm\/wp-json\/wp\/v2\/comments?post=13078"}],"version-history":[{"count":0,"href":"https:\/\/sertv.gob.pa\/nacionalfm\/wp-json\/wp\/v2\/posts\/13078\/revisions"}],"wp:featuredmedia":[{"embeddable":true,"href":"https:\/\/sertv.gob.pa\/nacionalfm\/wp-json\/wp\/v2\/media\/13079"}],"wp:attachment":[{"href":"https:\/\/sertv.gob.pa\/nacionalfm\/wp-json\/wp\/v2\/media?parent=13078"}],"wp:term":[{"taxonomy":"category","embeddable":true,"href":"https:\/\/sertv.gob.pa\/nacionalfm\/wp-json\/wp\/v2\/categories?post=13078"},{"taxonomy":"post_tag","embeddable":true,"href":"https:\/\/sertv.gob.pa\/nacionalfm\/wp-json\/wp\/v2\/tags?post=13078"}],"curies":[{"name":"wp","href":"https:\/\/api.w.org\/{rel}","templated":true}]}}