{"id":13080,"date":"2016-05-26T20:59:32","date_gmt":"2016-05-26T20:59:32","guid":{"rendered":""},"modified":"2016-05-26T20:59:32","modified_gmt":"2016-05-26T20:59:32","slug":"canasteros-mitchel-bishop-y-horne-se-unen-a-pre-de-baloncesto","status":"publish","type":"post","link":"https:\/\/sertv.gob.pa\/nacionalfm\/canasteros-mitchel-bishop-y-horne-se-unen-a-pre-de-baloncesto\/","title":{"rendered":"Canasteros  Mitchel, Bishop y Horne se unen a pre de baloncesto"},"content":{"rendered":"<p>\nCon miras a participar en el Torneo CENTROBASKET-PANAMA-2016, que se llevar\u00e1 a cabo en nuestro pa\u00eds desde el domingo 19 al s\u00e1bado 25 de junio, en la Arena Roberto Dur\u00e1n, se unieron a los entrenamientos de la Pre-Selecci\u00f3n Nacional Mayor de Baloncesto los canasteros Akil Mitchell, Tony Bishop y Jamell Horne. <\/p>\n<p>El jugador Tony Bishop vio acci\u00f3n la pasada temporada en el Baloncesto Superior Nacional de Puerto Rico con el equipo de los Atl\u00e9ticos de San Germ\u00e1n, tambi\u00e9n reforz\u00f3 al quinteto de los Correcaminos de Col\u00f3n en la pasada Liga de las Am\u00e9ricas. <\/p>\n<p>El canastero Jamelle Horne estuvo con el Shiga Lakestars de la Liga BJ en Jap\u00f3n en la cual vio acci\u00f3n en 21 partidos jugados, \u00a0particip\u00f3 el a\u00f1o pasado 2015 con la Selecci\u00f3n Nacional Mayor en la Copa Latina en Panam\u00e1 y en el pasado Pre-Ol\u00edmpico que se celebr\u00f3 en Ciudad de M\u00e9xico. <\/p>\n<p>Akil Mitchell jug\u00f3 con el quinteto de los Tiburones de Antibes en el Baloncesto Profesional de Francia. <\/p>\n","protected":false},"excerpt":{"rendered":"<p>Con miras a participar en el Torneo CENTROBASKET-PANAMA-2016, que se <a href=\"https:\/\/sertv.gob.pa\/nacionalfm\/canasteros-mitchel-bishop-y-horne-se-unen-a-pre-de-baloncesto\/\"> [&#8230;]<\/a><\/p>\n","protected":false},"author":1,"featured_media":13081,"comment_status":"closed","ping_status":"closed","sticky":false,"template":"","format":"standard","meta":{"footnotes":""},"categories":[4],"tags":[],"class_list":["post-13080","post","type-post","status-publish","format-standard","has-post-thumbnail","hentry","category-deportes"],"_links":{"self":[{"href":"https:\/\/sertv.gob.pa\/nacionalfm\/wp-json\/wp\/v2\/posts\/13080","targetHints":{"allow":["GET"]}}],"collection":[{"href":"https:\/\/sertv.gob.pa\/nacionalfm\/wp-json\/wp\/v2\/posts"}],"about":[{"href":"https:\/\/sertv.gob.pa\/nacionalfm\/wp-json\/wp\/v2\/types\/post"}],"author":[{"embeddable":true,"href":"https:\/\/sertv.gob.pa\/nacionalfm\/wp-json\/wp\/v2\/users\/1"}],"replies":[{"embeddable":true,"href":"https:\/\/sertv.gob.pa\/nacionalfm\/wp-json\/wp\/v2\/comments?post=13080"}],"version-history":[{"count":0,"href":"https:\/\/sertv.gob.pa\/nacionalfm\/wp-json\/wp\/v2\/posts\/13080\/revisions"}],"wp:featuredmedia":[{"embeddable":true,"href":"https:\/\/sertv.gob.pa\/nacionalfm\/wp-json\/wp\/v2\/media\/13081"}],"wp:attachment":[{"href":"https:\/\/sertv.gob.pa\/nacionalfm\/wp-json\/wp\/v2\/media?parent=13080"}],"wp:term":[{"taxonomy":"category","embeddable":true,"href":"https:\/\/sertv.gob.pa\/nacionalfm\/wp-json\/wp\/v2\/categories?post=13080"},{"taxonomy":"post_tag","embeddable":true,"href":"https:\/\/sertv.gob.pa\/nacionalfm\/wp-json\/wp\/v2\/tags?post=13080"}],"curies":[{"name":"wp","href":"https:\/\/api.w.org\/{rel}","templated":true}]}}