{"id":13082,"date":"2016-05-27T15:26:46","date_gmt":"2016-05-27T15:26:46","guid":{"rendered":""},"modified":"2016-05-27T15:26:46","modified_gmt":"2016-05-27T15:26:46","slug":"275-casos-de-zika-en-panama","status":"publish","type":"post","link":"https:\/\/sertv.gob.pa\/nacionalfm\/275-casos-de-zika-en-panama\/","title":{"rendered":"275 casos de zika en Panam\u00e1"},"content":{"rendered":"<p>\nEl Ministerio de Salud (Minsa) dio a conocer ayer jueves 26 de mayo de 2016 que en Panam\u00e1 se tiene un registro de 275 casos de  zika \u00a0y 495 casos de dengue. \u00a0 <\/p>\n<p>En cuanto al zika, el titular de Salud, Francisco Javier Terrientes, manifest\u00f3 que en las \u00faltimas semanas ha habido un descenso; sin embargo, insisti\u00f3 en que deben redoblarse esfuerzos ante esta situaci\u00f3n.\u00a0 <\/p>\n<p>Por ello, Terrientes indic\u00f3 que espera igualmente que la cifra de casos de dengue sea menor que el a\u00f1o anterior. \u00a0 <\/p>\n<p>\u00abEl zika, dengue y chikungunya llegaron para quedarse\u00bb, subray\u00f3 el funcionario. Las tres enfermedades son transmitidas por la\u00a0picadura del mosquito  Aedes aegypti . <\/p>\n<p>\u00abDepende de nosotros cu\u00e1nto nos va a afectar o no\u00bb, a\u00f1adi\u00f3. <\/p>\n<p>\u00a0 <\/p>\n","protected":false},"excerpt":{"rendered":"<p>El Ministerio de Salud (Minsa) dio a conocer ayer jueves <a href=\"https:\/\/sertv.gob.pa\/nacionalfm\/275-casos-de-zika-en-panama\/\"> [&#8230;]<\/a><\/p>\n","protected":false},"author":1,"featured_media":13083,"comment_status":"closed","ping_status":"closed","sticky":false,"template":"","format":"standard","meta":{"footnotes":""},"categories":[5],"tags":[],"class_list":["post-13082","post","type-post","status-publish","format-standard","has-post-thumbnail","hentry","category-salud"],"_links":{"self":[{"href":"https:\/\/sertv.gob.pa\/nacionalfm\/wp-json\/wp\/v2\/posts\/13082","targetHints":{"allow":["GET"]}}],"collection":[{"href":"https:\/\/sertv.gob.pa\/nacionalfm\/wp-json\/wp\/v2\/posts"}],"about":[{"href":"https:\/\/sertv.gob.pa\/nacionalfm\/wp-json\/wp\/v2\/types\/post"}],"author":[{"embeddable":true,"href":"https:\/\/sertv.gob.pa\/nacionalfm\/wp-json\/wp\/v2\/users\/1"}],"replies":[{"embeddable":true,"href":"https:\/\/sertv.gob.pa\/nacionalfm\/wp-json\/wp\/v2\/comments?post=13082"}],"version-history":[{"count":0,"href":"https:\/\/sertv.gob.pa\/nacionalfm\/wp-json\/wp\/v2\/posts\/13082\/revisions"}],"wp:featuredmedia":[{"embeddable":true,"href":"https:\/\/sertv.gob.pa\/nacionalfm\/wp-json\/wp\/v2\/media\/13083"}],"wp:attachment":[{"href":"https:\/\/sertv.gob.pa\/nacionalfm\/wp-json\/wp\/v2\/media?parent=13082"}],"wp:term":[{"taxonomy":"category","embeddable":true,"href":"https:\/\/sertv.gob.pa\/nacionalfm\/wp-json\/wp\/v2\/categories?post=13082"},{"taxonomy":"post_tag","embeddable":true,"href":"https:\/\/sertv.gob.pa\/nacionalfm\/wp-json\/wp\/v2\/tags?post=13082"}],"curies":[{"name":"wp","href":"https:\/\/api.w.org\/{rel}","templated":true}]}}