{"id":13090,"date":"2016-05-27T18:10:14","date_gmt":"2016-05-27T18:10:14","guid":{"rendered":""},"modified":"2016-05-27T18:10:14","modified_gmt":"2016-05-27T18:10:14","slug":"seleccion-de-futbol-de-panama-viaja-hoy-hacia-denver-colorado","status":"publish","type":"post","link":"https:\/\/sertv.gob.pa\/nacionalfm\/seleccion-de-futbol-de-panama-viaja-hoy-hacia-denver-colorado\/","title":{"rendered":"Selecci\u00f3n de F\u00fatbol de Panam\u00e1, viaja hoy hacia Denver, Colorado"},"content":{"rendered":"<p>\nLa Selecci\u00f3n Nacional de F\u00fatbol cumpli\u00f3 este jueves su segundo d\u00eda de campamento en Orlando, Florida, previo a su participaci\u00f3n en la Compa Am\u00e9rica Centenario. <\/p>\n<p>El equipo paname\u00f1o entren\u00f3 en horas de la tarde en una de las canchas de la University of Central Florida (UCF). <\/p>\n<p>Luego de los trabajos de estiramiento por parte del preparador f\u00edsico, Elkin S\u00e1nchez, el t\u00e9cnico Hern\u00e1n Dar\u00edo G\u00f3mez entren\u00f3 l\u00ednea por l\u00ednea. <\/p>\n<p>En la parte final del entrenamiento se trabaj\u00f3 en definici\u00f3n. <\/p>\n<p>Hoy \u00a0viernes, se tiene programado el viaje a Denver, Colorado, sede del partido del d\u00eda domingo ante Brasil. <\/p>\n","protected":false},"excerpt":{"rendered":"<p>La Selecci\u00f3n Nacional de F\u00fatbol cumpli\u00f3 este jueves su segundo <a href=\"https:\/\/sertv.gob.pa\/nacionalfm\/seleccion-de-futbol-de-panama-viaja-hoy-hacia-denver-colorado\/\"> [&#8230;]<\/a><\/p>\n","protected":false},"author":1,"featured_media":13091,"comment_status":"closed","ping_status":"closed","sticky":false,"template":"","format":"standard","meta":{"footnotes":""},"categories":[4],"tags":[],"class_list":["post-13090","post","type-post","status-publish","format-standard","has-post-thumbnail","hentry","category-deportes"],"_links":{"self":[{"href":"https:\/\/sertv.gob.pa\/nacionalfm\/wp-json\/wp\/v2\/posts\/13090","targetHints":{"allow":["GET"]}}],"collection":[{"href":"https:\/\/sertv.gob.pa\/nacionalfm\/wp-json\/wp\/v2\/posts"}],"about":[{"href":"https:\/\/sertv.gob.pa\/nacionalfm\/wp-json\/wp\/v2\/types\/post"}],"author":[{"embeddable":true,"href":"https:\/\/sertv.gob.pa\/nacionalfm\/wp-json\/wp\/v2\/users\/1"}],"replies":[{"embeddable":true,"href":"https:\/\/sertv.gob.pa\/nacionalfm\/wp-json\/wp\/v2\/comments?post=13090"}],"version-history":[{"count":0,"href":"https:\/\/sertv.gob.pa\/nacionalfm\/wp-json\/wp\/v2\/posts\/13090\/revisions"}],"wp:featuredmedia":[{"embeddable":true,"href":"https:\/\/sertv.gob.pa\/nacionalfm\/wp-json\/wp\/v2\/media\/13091"}],"wp:attachment":[{"href":"https:\/\/sertv.gob.pa\/nacionalfm\/wp-json\/wp\/v2\/media?parent=13090"}],"wp:term":[{"taxonomy":"category","embeddable":true,"href":"https:\/\/sertv.gob.pa\/nacionalfm\/wp-json\/wp\/v2\/categories?post=13090"},{"taxonomy":"post_tag","embeddable":true,"href":"https:\/\/sertv.gob.pa\/nacionalfm\/wp-json\/wp\/v2\/tags?post=13090"}],"curies":[{"name":"wp","href":"https:\/\/api.w.org\/{rel}","templated":true}]}}