{"id":13114,"date":"2016-05-30T15:45:36","date_gmt":"2016-05-30T15:45:36","guid":{"rendered":""},"modified":"2016-05-30T15:45:36","modified_gmt":"2016-05-30T15:45:36","slug":"malaria-transmitida-por-parasito-plamodium-falciparum-al-acecho","status":"publish","type":"post","link":"https:\/\/sertv.gob.pa\/nacionalfm\/malaria-transmitida-por-parasito-plamodium-falciparum-al-acecho\/","title":{"rendered":"Malaria transmitida por par\u00e1sito Plamodium falciparum al acecho"},"content":{"rendered":"<p>\nUn mes luego de que el  Ministerio de Salud (Minsa)  anunciara la presencia de malaria, o paludismo, transmitida por el  par\u00e1sito Plasmodium falciparum  en la provincia de Dari\u00e9n, los casos aumentan lentamente.\u00a0 <\/p>\n<p>Informes del Departamento de Epidemiolog\u00eda del Minsa se\u00f1alan que hasta el pasado mes de abril hab\u00eda reportes confirmados de 5 casos de malaria falciparum; sin embargo, en el \u00faltimo reporte, correspondiente a la semana epidemiol\u00f3gica 19 del a\u00f1o &ndash;del 8 al 14 de mayo&ndash;, la cifra aument\u00f3 a 8 casos, de los cuales 2 son aut\u00f3ctonos y 6 importados. <\/p>\n<p>En 2015, durante la misma semana epidemiol\u00f3gica, el Minsa no detect\u00f3 casos aut\u00f3ctonos, pero s\u00ed uno importado. <\/p>\n<p> En Panam\u00e1 no se registraban casos aut\u00f3ctonos de Plasmodium falciparum , desde 2011 y el brote de este a\u00f1o se concentra en el corregimiento de  Jaqu\u00e9, distrito de Chepigana, provincia de Dari\u00e9n.   <\/p>\n<p>El coordinador de Salud Internacional del Minsa, Israel Cede\u00f1o, asegur\u00f3 que el brote est\u00e1 contenido en esa zona y que la vigilancia se mantiene para evitar nuevos afectados; no obstante, por tratarse de una frontera informal, es imposible evitar que ingresen nuevos casos. <\/p>\n<p>\u00a0 <\/p>\n","protected":false},"excerpt":{"rendered":"<p>Un mes luego de que el Ministerio de Salud (Minsa) <a href=\"https:\/\/sertv.gob.pa\/nacionalfm\/malaria-transmitida-por-parasito-plamodium-falciparum-al-acecho\/\"> [&#8230;]<\/a><\/p>\n","protected":false},"author":1,"featured_media":13115,"comment_status":"closed","ping_status":"closed","sticky":false,"template":"","format":"standard","meta":{"footnotes":""},"categories":[5],"tags":[],"class_list":["post-13114","post","type-post","status-publish","format-standard","has-post-thumbnail","hentry","category-salud"],"_links":{"self":[{"href":"https:\/\/sertv.gob.pa\/nacionalfm\/wp-json\/wp\/v2\/posts\/13114","targetHints":{"allow":["GET"]}}],"collection":[{"href":"https:\/\/sertv.gob.pa\/nacionalfm\/wp-json\/wp\/v2\/posts"}],"about":[{"href":"https:\/\/sertv.gob.pa\/nacionalfm\/wp-json\/wp\/v2\/types\/post"}],"author":[{"embeddable":true,"href":"https:\/\/sertv.gob.pa\/nacionalfm\/wp-json\/wp\/v2\/users\/1"}],"replies":[{"embeddable":true,"href":"https:\/\/sertv.gob.pa\/nacionalfm\/wp-json\/wp\/v2\/comments?post=13114"}],"version-history":[{"count":0,"href":"https:\/\/sertv.gob.pa\/nacionalfm\/wp-json\/wp\/v2\/posts\/13114\/revisions"}],"wp:featuredmedia":[{"embeddable":true,"href":"https:\/\/sertv.gob.pa\/nacionalfm\/wp-json\/wp\/v2\/media\/13115"}],"wp:attachment":[{"href":"https:\/\/sertv.gob.pa\/nacionalfm\/wp-json\/wp\/v2\/media?parent=13114"}],"wp:term":[{"taxonomy":"category","embeddable":true,"href":"https:\/\/sertv.gob.pa\/nacionalfm\/wp-json\/wp\/v2\/categories?post=13114"},{"taxonomy":"post_tag","embeddable":true,"href":"https:\/\/sertv.gob.pa\/nacionalfm\/wp-json\/wp\/v2\/tags?post=13114"}],"curies":[{"name":"wp","href":"https:\/\/api.w.org\/{rel}","templated":true}]}}