{"id":13132,"date":"2016-05-30T20:05:06","date_gmt":"2016-05-30T20:05:06","guid":{"rendered":""},"modified":"2016-05-30T20:05:06","modified_gmt":"2016-05-30T20:05:06","slug":"realizan-pique-de-jugadores-de-la-liga-profesional-de-baloncesto","status":"publish","type":"post","link":"https:\/\/sertv.gob.pa\/nacionalfm\/realizan-pique-de-jugadores-de-la-liga-profesional-de-baloncesto\/","title":{"rendered":"Realizan pique de jugadores de la Liga Profesional de Baloncesto"},"content":{"rendered":"<p>\nMa\u00f1ana martes 31 de mayo se realizar\u00e1 el pique de jugadores para la II Temporada de la Liga Profesional de Baloncesto, que arranca el pr\u00f3ximo 29 de julio y tendr\u00e1 en disputa la Copa Octavio &ldquo;Tavo&rdquo; Casta\u00f1eda 2016. <\/p>\n<p>El anuncio lo hizo el presidente de la LPB, Adolfo &ldquo;Baby&rdquo; Valderrama, quien reiter\u00f3 que el draft se realizar\u00e1 ma\u00f1ana a las 7:30 de la noche en el Sal\u00f3n Panam\u00e1 del Hotel Panam\u00e1. <\/p>\n<p>\u00a0 <\/p>\n","protected":false},"excerpt":{"rendered":"<p>Ma\u00f1ana martes 31 de mayo se realizar\u00e1 el pique de <a href=\"https:\/\/sertv.gob.pa\/nacionalfm\/realizan-pique-de-jugadores-de-la-liga-profesional-de-baloncesto\/\"> [&#8230;]<\/a><\/p>\n","protected":false},"author":1,"featured_media":13133,"comment_status":"closed","ping_status":"closed","sticky":false,"template":"","format":"standard","meta":{"footnotes":""},"categories":[4],"tags":[],"class_list":["post-13132","post","type-post","status-publish","format-standard","has-post-thumbnail","hentry","category-deportes"],"_links":{"self":[{"href":"https:\/\/sertv.gob.pa\/nacionalfm\/wp-json\/wp\/v2\/posts\/13132","targetHints":{"allow":["GET"]}}],"collection":[{"href":"https:\/\/sertv.gob.pa\/nacionalfm\/wp-json\/wp\/v2\/posts"}],"about":[{"href":"https:\/\/sertv.gob.pa\/nacionalfm\/wp-json\/wp\/v2\/types\/post"}],"author":[{"embeddable":true,"href":"https:\/\/sertv.gob.pa\/nacionalfm\/wp-json\/wp\/v2\/users\/1"}],"replies":[{"embeddable":true,"href":"https:\/\/sertv.gob.pa\/nacionalfm\/wp-json\/wp\/v2\/comments?post=13132"}],"version-history":[{"count":0,"href":"https:\/\/sertv.gob.pa\/nacionalfm\/wp-json\/wp\/v2\/posts\/13132\/revisions"}],"wp:featuredmedia":[{"embeddable":true,"href":"https:\/\/sertv.gob.pa\/nacionalfm\/wp-json\/wp\/v2\/media\/13133"}],"wp:attachment":[{"href":"https:\/\/sertv.gob.pa\/nacionalfm\/wp-json\/wp\/v2\/media?parent=13132"}],"wp:term":[{"taxonomy":"category","embeddable":true,"href":"https:\/\/sertv.gob.pa\/nacionalfm\/wp-json\/wp\/v2\/categories?post=13132"},{"taxonomy":"post_tag","embeddable":true,"href":"https:\/\/sertv.gob.pa\/nacionalfm\/wp-json\/wp\/v2\/tags?post=13132"}],"curies":[{"name":"wp","href":"https:\/\/api.w.org\/{rel}","templated":true}]}}