{"id":13148,"date":"2016-05-31T15:57:52","date_gmt":"2016-05-31T15:57:52","guid":{"rendered":""},"modified":"2016-05-31T15:57:52","modified_gmt":"2016-05-31T15:57:52","slug":"hoy-se-celebra-el-dia-mundial-sin-tabaco","status":"publish","type":"post","link":"https:\/\/sertv.gob.pa\/nacionalfm\/hoy-se-celebra-el-dia-mundial-sin-tabaco\/","title":{"rendered":"Hoy se celebra el D\u00eda Mundial sin Tabaco"},"content":{"rendered":"<p>\nLa Organizaci\u00f3n Mundial de la Salud (OMS) confirm\u00f3 hoy que el empaquetado neutro del tabaco disminuye la demanda de este producto, baja el consumo y \u00absalva vidas\u00bb, por lo que abog\u00f3 por la generalizaci\u00f3n de esta pr\u00e1ctica. <\/p>\n<p>Hoy se celebra el D\u00eda Mundial sin Tabaco y la OMS ha querido aprovechar esta ocasi\u00f3n y ha lanzado la campa\u00f1a: \u00abPrep\u00e1rate para el empaquetado neutro\u00bb, que incluye una gu\u00eda que proporciona a los gobiernos orientaci\u00f3n para aplicar la medida. <\/p>\n<p>Esta restringe o proh\u00edbe el uso de logotipos, colores, im\u00e1genes de marca o informaci\u00f3n promocional que no sean los nombres de la marca o del producto con un color y tipo de letra estandarizados. <\/p>\n<p>En cambio, el paquete est\u00e1 casi totalmente cubierto por im\u00e1genes que alertan de los efectos del consumo, y la marca y el tipo de tabaco se restringen a su m\u00ednima expresi\u00f3n y con una tipolog\u00eda de letra id\u00e9ntica para todas las compa\u00f1\u00edas. <\/p>\n<p>En diciembre del 2012, Australia se convirti\u00f3 en el primer pa\u00eds en implementar plenamente el empaquetado neutro. <\/p>\n<p>El pasado 20 de mayo, Reino Unido y Francia empezaron a hacer lo mismo. <\/p>\n<p>Irlanda y Nueva Zelanda igualmente est\u00e1n preparando la introducci\u00f3n de esta medida, mientras que otros pa\u00edses como Sud\u00e1frica, Chile o\u00a0Panam\u00e1\u00a0exploran esta posibilidad. <\/p>\n<p>\u00a0 <\/p>\n<p>\u00a0 <\/p>\n","protected":false},"excerpt":{"rendered":"<p>La Organizaci\u00f3n Mundial de la Salud (OMS) confirm\u00f3 hoy que <a href=\"https:\/\/sertv.gob.pa\/nacionalfm\/hoy-se-celebra-el-dia-mundial-sin-tabaco\/\"> [&#8230;]<\/a><\/p>\n","protected":false},"author":1,"featured_media":13149,"comment_status":"closed","ping_status":"closed","sticky":false,"template":"","format":"standard","meta":{"footnotes":""},"categories":[5],"tags":[],"class_list":["post-13148","post","type-post","status-publish","format-standard","has-post-thumbnail","hentry","category-salud"],"_links":{"self":[{"href":"https:\/\/sertv.gob.pa\/nacionalfm\/wp-json\/wp\/v2\/posts\/13148","targetHints":{"allow":["GET"]}}],"collection":[{"href":"https:\/\/sertv.gob.pa\/nacionalfm\/wp-json\/wp\/v2\/posts"}],"about":[{"href":"https:\/\/sertv.gob.pa\/nacionalfm\/wp-json\/wp\/v2\/types\/post"}],"author":[{"embeddable":true,"href":"https:\/\/sertv.gob.pa\/nacionalfm\/wp-json\/wp\/v2\/users\/1"}],"replies":[{"embeddable":true,"href":"https:\/\/sertv.gob.pa\/nacionalfm\/wp-json\/wp\/v2\/comments?post=13148"}],"version-history":[{"count":0,"href":"https:\/\/sertv.gob.pa\/nacionalfm\/wp-json\/wp\/v2\/posts\/13148\/revisions"}],"wp:featuredmedia":[{"embeddable":true,"href":"https:\/\/sertv.gob.pa\/nacionalfm\/wp-json\/wp\/v2\/media\/13149"}],"wp:attachment":[{"href":"https:\/\/sertv.gob.pa\/nacionalfm\/wp-json\/wp\/v2\/media?parent=13148"}],"wp:term":[{"taxonomy":"category","embeddable":true,"href":"https:\/\/sertv.gob.pa\/nacionalfm\/wp-json\/wp\/v2\/categories?post=13148"},{"taxonomy":"post_tag","embeddable":true,"href":"https:\/\/sertv.gob.pa\/nacionalfm\/wp-json\/wp\/v2\/tags?post=13148"}],"curies":[{"name":"wp","href":"https:\/\/api.w.org\/{rel}","templated":true}]}}