{"id":1315,"date":"2014-08-28T05:00:00","date_gmt":"2014-08-28T05:00:00","guid":{"rendered":""},"modified":"2014-08-28T05:00:00","modified_gmt":"2014-08-28T05:00:00","slug":"japon-reporta-primer-caso-de-dengue-autoctono","status":"publish","type":"post","link":"https:\/\/sertv.gob.pa\/nacionalfm\/japon-reporta-primer-caso-de-dengue-autoctono\/","title":{"rendered":"Jap\u00f3n reporta primer caso de dengue aut\u00f3ctono"},"content":{"rendered":"<p>\nLas autoridades sanitarias japonesas informaron sobre el primer caso de transmisi\u00f3n local de dengue en el pa\u00eds en m\u00e1s de 60 a\u00f1os. El caso ocurri\u00f3 en Saitama, una prefectura adyacente a Tokio. <\/p>\n<p>La paciente es una adolescente que ha estado en recuperaci\u00f3n, seg\u00fan consignaron los medios locales. <\/p>\n<p>El portavoz del gobierno, Yoshihide Suga, manifest\u00f3 que la noticia no fue motivo de alarma porque la enfermedad no se transmite directamente de persona a persona. <\/p>\n<p>Jap\u00f3n ve docenas de casos importados de dengue cada a\u00f1o, en su mayor\u00eda turistas que contraen la enfermedad durante un viaje en las regiones tropicales. <\/p>\n<p>La enfermedad, que es transmitida por mosquitos, era com\u00fan en Jap\u00f3n durante la Segunda Guerra Mundial, pero fue erradicada en el pa\u00eds.@nacionalFm <\/p>\n<p>\u00a0 <\/p>\n","protected":false},"excerpt":{"rendered":"<p>Las autoridades sanitarias japonesas informaron sobre el primer caso de <a href=\"https:\/\/sertv.gob.pa\/nacionalfm\/japon-reporta-primer-caso-de-dengue-autoctono\/\"> [&#8230;]<\/a><\/p>\n","protected":false},"author":1,"featured_media":1316,"comment_status":"closed","ping_status":"closed","sticky":false,"template":"","format":"standard","meta":{"footnotes":""},"categories":[5],"tags":[],"class_list":["post-1315","post","type-post","status-publish","format-standard","has-post-thumbnail","hentry","category-salud"],"_links":{"self":[{"href":"https:\/\/sertv.gob.pa\/nacionalfm\/wp-json\/wp\/v2\/posts\/1315","targetHints":{"allow":["GET"]}}],"collection":[{"href":"https:\/\/sertv.gob.pa\/nacionalfm\/wp-json\/wp\/v2\/posts"}],"about":[{"href":"https:\/\/sertv.gob.pa\/nacionalfm\/wp-json\/wp\/v2\/types\/post"}],"author":[{"embeddable":true,"href":"https:\/\/sertv.gob.pa\/nacionalfm\/wp-json\/wp\/v2\/users\/1"}],"replies":[{"embeddable":true,"href":"https:\/\/sertv.gob.pa\/nacionalfm\/wp-json\/wp\/v2\/comments?post=1315"}],"version-history":[{"count":0,"href":"https:\/\/sertv.gob.pa\/nacionalfm\/wp-json\/wp\/v2\/posts\/1315\/revisions"}],"wp:featuredmedia":[{"embeddable":true,"href":"https:\/\/sertv.gob.pa\/nacionalfm\/wp-json\/wp\/v2\/media\/1316"}],"wp:attachment":[{"href":"https:\/\/sertv.gob.pa\/nacionalfm\/wp-json\/wp\/v2\/media?parent=1315"}],"wp:term":[{"taxonomy":"category","embeddable":true,"href":"https:\/\/sertv.gob.pa\/nacionalfm\/wp-json\/wp\/v2\/categories?post=1315"},{"taxonomy":"post_tag","embeddable":true,"href":"https:\/\/sertv.gob.pa\/nacionalfm\/wp-json\/wp\/v2\/tags?post=1315"}],"curies":[{"name":"wp","href":"https:\/\/api.w.org\/{rel}","templated":true}]}}