{"id":13164,"date":"2016-05-31T20:38:31","date_gmt":"2016-05-31T20:38:31","guid":{"rendered":""},"modified":"2016-05-31T20:38:31","modified_gmt":"2016-05-31T20:38:31","slug":"lanzan-feria-deportiva-expodeportes-internacional-2016","status":"publish","type":"post","link":"https:\/\/sertv.gob.pa\/nacionalfm\/lanzan-feria-deportiva-expodeportes-internacional-2016\/","title":{"rendered":"Lanzan feria deportiva Expodeportes Internacional 2016"},"content":{"rendered":"<p>\nDel 1 al 3 de julio pr\u00f3ximo se llevar\u00e1 a cabo en el Centro de Convenciones ATLAPA\u00a0 el Expodeportes Internacional 2016, su entrada ser\u00e1 totalmente gratuita, y en un mismo sitio se podr\u00e1n encontrar marcas de productos, presencia de Federaciones Deportivas, al Comit\u00e9 Ol\u00edmpico de Panam\u00e1 a PANDEPORTES y atletas con famosos desempe\u00f1os, y a varias figuras clasificadas para los Juegos Ol\u00edmpicos de R\u00edo 2016. <\/p>\n<p>El organizador del evento Augusto Terracina manifest\u00f3 que el objetivo es atraer las miradas del p\u00fablico hacia el deporte, como actividad que forma ciudadanos y mejora las relaciones sociales, contar\u00e1 con m\u00fasica, productos de nutrici\u00f3n deportiva y divertidas actividades, exhibiciones, como la de clases de ejercicios de los gimnasios Power Club. <\/p>\n<p>La inauguraci\u00f3n ser\u00e1 el viernes 1 de julio cuando estar\u00e1n abiertos los m\u00e1s de 50 pabellones de empresas y entidades participantes. <\/p>\n","protected":false},"excerpt":{"rendered":"<p>Del 1 al 3 de julio pr\u00f3ximo se llevar\u00e1 a <a href=\"https:\/\/sertv.gob.pa\/nacionalfm\/lanzan-feria-deportiva-expodeportes-internacional-2016\/\"> [&#8230;]<\/a><\/p>\n","protected":false},"author":1,"featured_media":13165,"comment_status":"closed","ping_status":"closed","sticky":false,"template":"","format":"standard","meta":{"footnotes":""},"categories":[4],"tags":[],"class_list":["post-13164","post","type-post","status-publish","format-standard","has-post-thumbnail","hentry","category-deportes"],"_links":{"self":[{"href":"https:\/\/sertv.gob.pa\/nacionalfm\/wp-json\/wp\/v2\/posts\/13164","targetHints":{"allow":["GET"]}}],"collection":[{"href":"https:\/\/sertv.gob.pa\/nacionalfm\/wp-json\/wp\/v2\/posts"}],"about":[{"href":"https:\/\/sertv.gob.pa\/nacionalfm\/wp-json\/wp\/v2\/types\/post"}],"author":[{"embeddable":true,"href":"https:\/\/sertv.gob.pa\/nacionalfm\/wp-json\/wp\/v2\/users\/1"}],"replies":[{"embeddable":true,"href":"https:\/\/sertv.gob.pa\/nacionalfm\/wp-json\/wp\/v2\/comments?post=13164"}],"version-history":[{"count":0,"href":"https:\/\/sertv.gob.pa\/nacionalfm\/wp-json\/wp\/v2\/posts\/13164\/revisions"}],"wp:featuredmedia":[{"embeddable":true,"href":"https:\/\/sertv.gob.pa\/nacionalfm\/wp-json\/wp\/v2\/media\/13165"}],"wp:attachment":[{"href":"https:\/\/sertv.gob.pa\/nacionalfm\/wp-json\/wp\/v2\/media?parent=13164"}],"wp:term":[{"taxonomy":"category","embeddable":true,"href":"https:\/\/sertv.gob.pa\/nacionalfm\/wp-json\/wp\/v2\/categories?post=13164"},{"taxonomy":"post_tag","embeddable":true,"href":"https:\/\/sertv.gob.pa\/nacionalfm\/wp-json\/wp\/v2\/tags?post=13164"}],"curies":[{"name":"wp","href":"https:\/\/api.w.org\/{rel}","templated":true}]}}