{"id":13182,"date":"2016-06-01T16:14:58","date_gmt":"2016-06-01T16:14:58","guid":{"rendered":""},"modified":"2016-06-01T16:14:58","modified_gmt":"2016-06-01T16:14:58","slug":"trasmision-sexual-de-zika-es-mas-comun-de-lo-que-se-creia","status":"publish","type":"post","link":"https:\/\/sertv.gob.pa\/nacionalfm\/trasmision-sexual-de-zika-es-mas-comun-de-lo-que-se-creia\/","title":{"rendered":"Trasmisi\u00f3n sexual de zika es m\u00e1s com\u00fan de lo que se cre\u00eda"},"content":{"rendered":"<p>\nLa trasmisi\u00f3n sexual de  zika \u00a0es m\u00e1s com\u00fan de lo que se pensaba, seg\u00fan la  Organizaci\u00f3n Mundial de la Salud , la cual est\u00e1 actualizando las recomendaciones a las mujeres que han estado en zonas afectadas por el virus, aconsej\u00e1ndoles que aplacen el tiempo para embarazarse.\u00a0 <\/p>\n<p>La agencia de la ONU comunic\u00f3 el martes que a las parejas o mujeres que est\u00e1n planeando embarazarse y vivan o hayan regresado de \u00e1reas afectadas por el zika \u00abse les hace una fuerte recomendaci\u00f3n a esperar al menos ocho semanas antes de tratar de concebir\u00bb para asegurar que el virus ya no est\u00e1 en su organismo.\u00a0 <\/p>\n<p>Anteriormente, la OMS hab\u00eda recomendado una ventana de espera de cuatro semanas antes de tratar de embarazarse bajo estas circunstancias.\u00a0 <\/p>\n<p>\u00a0 <\/p>\n","protected":false},"excerpt":{"rendered":"<p>La trasmisi\u00f3n sexual de zika \u00a0es m\u00e1s com\u00fan de lo <a href=\"https:\/\/sertv.gob.pa\/nacionalfm\/trasmision-sexual-de-zika-es-mas-comun-de-lo-que-se-creia\/\"> [&#8230;]<\/a><\/p>\n","protected":false},"author":1,"featured_media":13183,"comment_status":"closed","ping_status":"closed","sticky":false,"template":"","format":"standard","meta":{"footnotes":""},"categories":[5],"tags":[],"class_list":["post-13182","post","type-post","status-publish","format-standard","has-post-thumbnail","hentry","category-salud"],"_links":{"self":[{"href":"https:\/\/sertv.gob.pa\/nacionalfm\/wp-json\/wp\/v2\/posts\/13182","targetHints":{"allow":["GET"]}}],"collection":[{"href":"https:\/\/sertv.gob.pa\/nacionalfm\/wp-json\/wp\/v2\/posts"}],"about":[{"href":"https:\/\/sertv.gob.pa\/nacionalfm\/wp-json\/wp\/v2\/types\/post"}],"author":[{"embeddable":true,"href":"https:\/\/sertv.gob.pa\/nacionalfm\/wp-json\/wp\/v2\/users\/1"}],"replies":[{"embeddable":true,"href":"https:\/\/sertv.gob.pa\/nacionalfm\/wp-json\/wp\/v2\/comments?post=13182"}],"version-history":[{"count":0,"href":"https:\/\/sertv.gob.pa\/nacionalfm\/wp-json\/wp\/v2\/posts\/13182\/revisions"}],"wp:featuredmedia":[{"embeddable":true,"href":"https:\/\/sertv.gob.pa\/nacionalfm\/wp-json\/wp\/v2\/media\/13183"}],"wp:attachment":[{"href":"https:\/\/sertv.gob.pa\/nacionalfm\/wp-json\/wp\/v2\/media?parent=13182"}],"wp:term":[{"taxonomy":"category","embeddable":true,"href":"https:\/\/sertv.gob.pa\/nacionalfm\/wp-json\/wp\/v2\/categories?post=13182"},{"taxonomy":"post_tag","embeddable":true,"href":"https:\/\/sertv.gob.pa\/nacionalfm\/wp-json\/wp\/v2\/tags?post=13182"}],"curies":[{"name":"wp","href":"https:\/\/api.w.org\/{rel}","templated":true}]}}