{"id":1319,"date":"2014-08-28T05:00:00","date_gmt":"2014-08-28T05:00:00","guid":{"rendered":""},"modified":"2014-08-28T05:00:00","modified_gmt":"2014-08-28T05:00:00","slug":"india-solicita-a-pepsi-que-reduzca-el-azucar-en-las-sodas","status":"publish","type":"post","link":"https:\/\/sertv.gob.pa\/nacionalfm\/india-solicita-a-pepsi-que-reduzca-el-azucar-en-las-sodas\/","title":{"rendered":"India solicita a Pepsi que reduzca el az\u00facar en las sodas"},"content":{"rendered":"<p>\nComo parte de su lucha contra la obesidad y la diabetes, India ha pedido al gigante estadounidense de las bebidas no alcoh\u00f3licas PepsiCo que reduzca el contenido de az\u00facar en sus sodas. <\/p>\n<p>La presidenta ejecutiva de PepsiCo, Indra Nooyi, se reuni\u00f3 con el ministro de industria de procesamiento de alimentos, Harsimrat Kaur Badal, durante su visita a India. \u00abHemos pedido a PepsiCo disminuir el contenido en az\u00facar de sus sodas\u00bb por motivos sanitarios, se\u00f1al\u00f3 el ministerio en un comunicado luego del encuentro. <\/p>\n<p>La malnutrici\u00f3n contin\u00faa en niveles descontrolados en India. Pero el consumo de sodas y de comida r\u00e1pida ha aumentado entre las clases medias a medida que ha incrementado el nivel de vida, por lo que han subido la obesidad y la diabetes. <\/p>\n<p>El gigante de la bebida ha reemplazado parte de su az\u00facar en sus sodas con stevia, una planta edulcorante muy usada.\u00a0 @nacionalFm <\/p>\n<p>\u00a0 <\/p>\n","protected":false},"excerpt":{"rendered":"<p>Como parte de su lucha contra la obesidad y la <a href=\"https:\/\/sertv.gob.pa\/nacionalfm\/india-solicita-a-pepsi-que-reduzca-el-azucar-en-las-sodas\/\"> [&#8230;]<\/a><\/p>\n","protected":false},"author":1,"featured_media":1320,"comment_status":"closed","ping_status":"closed","sticky":false,"template":"","format":"standard","meta":{"footnotes":""},"categories":[5],"tags":[],"class_list":["post-1319","post","type-post","status-publish","format-standard","has-post-thumbnail","hentry","category-salud"],"_links":{"self":[{"href":"https:\/\/sertv.gob.pa\/nacionalfm\/wp-json\/wp\/v2\/posts\/1319","targetHints":{"allow":["GET"]}}],"collection":[{"href":"https:\/\/sertv.gob.pa\/nacionalfm\/wp-json\/wp\/v2\/posts"}],"about":[{"href":"https:\/\/sertv.gob.pa\/nacionalfm\/wp-json\/wp\/v2\/types\/post"}],"author":[{"embeddable":true,"href":"https:\/\/sertv.gob.pa\/nacionalfm\/wp-json\/wp\/v2\/users\/1"}],"replies":[{"embeddable":true,"href":"https:\/\/sertv.gob.pa\/nacionalfm\/wp-json\/wp\/v2\/comments?post=1319"}],"version-history":[{"count":0,"href":"https:\/\/sertv.gob.pa\/nacionalfm\/wp-json\/wp\/v2\/posts\/1319\/revisions"}],"wp:featuredmedia":[{"embeddable":true,"href":"https:\/\/sertv.gob.pa\/nacionalfm\/wp-json\/wp\/v2\/media\/1320"}],"wp:attachment":[{"href":"https:\/\/sertv.gob.pa\/nacionalfm\/wp-json\/wp\/v2\/media?parent=1319"}],"wp:term":[{"taxonomy":"category","embeddable":true,"href":"https:\/\/sertv.gob.pa\/nacionalfm\/wp-json\/wp\/v2\/categories?post=1319"},{"taxonomy":"post_tag","embeddable":true,"href":"https:\/\/sertv.gob.pa\/nacionalfm\/wp-json\/wp\/v2\/tags?post=1319"}],"curies":[{"name":"wp","href":"https:\/\/api.w.org\/{rel}","templated":true}]}}