{"id":13200,"date":"2016-06-01T19:23:09","date_gmt":"2016-06-01T19:23:09","guid":{"rendered":""},"modified":"2016-06-01T19:23:09","modified_gmt":"2016-06-01T19:23:09","slug":"colon-se-mantiene-con-vida-en-el-nacional-de-beisbol-mayor","status":"publish","type":"post","link":"https:\/\/sertv.gob.pa\/nacionalfm\/colon-se-mantiene-con-vida-en-el-nacional-de-beisbol-mayor\/","title":{"rendered":"Col\u00f3n se mantiene con vida en el Nacional de B\u00e9isbol Mayor"},"content":{"rendered":"<p>\nLa novena de Col\u00f3n se mantiene con vida en el Campeonato Nacional de B\u00e9isbol Mayor dedicado al ingeniero Eduardo De Bello, al vencer 9 carreras por 7 a Panam\u00e1 Metro en la Serie Final. <\/p>\n<p>David Barsallo en labor de relevo de tres episodios y un imparable, se acredit\u00f3 la victoria. H\u00e9ctor Salazar carg\u00f3 con la derrota. <\/p>\n<p>El quinto partido de la serie se jugar\u00e1 ma\u00f1ana en el estadio Rod Carew. <\/p>\n<p>Panam\u00e1 Metro, que comanda la serie 3-1, \u00a0le dar\u00e1 la responsabilidad de abrir a Hern\u00e1n Montero y Col\u00f3n saldr\u00e1 con Abdiel Vel\u00e1squez.\u00a0 <\/p>\n<p>\u00a0 <\/p>\n","protected":false},"excerpt":{"rendered":"<p>La novena de Col\u00f3n se mantiene con vida en el <a href=\"https:\/\/sertv.gob.pa\/nacionalfm\/colon-se-mantiene-con-vida-en-el-nacional-de-beisbol-mayor\/\"> [&#8230;]<\/a><\/p>\n","protected":false},"author":1,"featured_media":13201,"comment_status":"closed","ping_status":"closed","sticky":false,"template":"","format":"standard","meta":{"footnotes":""},"categories":[4],"tags":[],"class_list":["post-13200","post","type-post","status-publish","format-standard","has-post-thumbnail","hentry","category-deportes"],"_links":{"self":[{"href":"https:\/\/sertv.gob.pa\/nacionalfm\/wp-json\/wp\/v2\/posts\/13200","targetHints":{"allow":["GET"]}}],"collection":[{"href":"https:\/\/sertv.gob.pa\/nacionalfm\/wp-json\/wp\/v2\/posts"}],"about":[{"href":"https:\/\/sertv.gob.pa\/nacionalfm\/wp-json\/wp\/v2\/types\/post"}],"author":[{"embeddable":true,"href":"https:\/\/sertv.gob.pa\/nacionalfm\/wp-json\/wp\/v2\/users\/1"}],"replies":[{"embeddable":true,"href":"https:\/\/sertv.gob.pa\/nacionalfm\/wp-json\/wp\/v2\/comments?post=13200"}],"version-history":[{"count":0,"href":"https:\/\/sertv.gob.pa\/nacionalfm\/wp-json\/wp\/v2\/posts\/13200\/revisions"}],"wp:featuredmedia":[{"embeddable":true,"href":"https:\/\/sertv.gob.pa\/nacionalfm\/wp-json\/wp\/v2\/media\/13201"}],"wp:attachment":[{"href":"https:\/\/sertv.gob.pa\/nacionalfm\/wp-json\/wp\/v2\/media?parent=13200"}],"wp:term":[{"taxonomy":"category","embeddable":true,"href":"https:\/\/sertv.gob.pa\/nacionalfm\/wp-json\/wp\/v2\/categories?post=13200"},{"taxonomy":"post_tag","embeddable":true,"href":"https:\/\/sertv.gob.pa\/nacionalfm\/wp-json\/wp\/v2\/tags?post=13200"}],"curies":[{"name":"wp","href":"https:\/\/api.w.org\/{rel}","templated":true}]}}