{"id":13204,"date":"2016-06-01T20:52:02","date_gmt":"2016-06-01T20:52:02","guid":{"rendered":""},"modified":"2016-06-01T20:52:02","modified_gmt":"2016-06-01T20:52:02","slug":"oglivie-ayarza-y-hicks-primeros-piques-para-la-lpb-2016","status":"publish","type":"post","link":"https:\/\/sertv.gob.pa\/nacionalfm\/oglivie-ayarza-y-hicks-primeros-piques-para-la-lpb-2016\/","title":{"rendered":"Oglivie, Ayarza y Hicks primeros piques para la LPB 2016"},"content":{"rendered":"<p>\nLos canasteros seleccionados nacionales de Panam\u00e1, Ernesto Oglivie, Josimar Ayarza y Michael Hicks estuvieron entre los cinco primeros piques de la primera ronda del Draft de la Liga Profesional de Baloncesto 2016. <\/p>\n<p>Oglivie fue picado de primero por los Halcones de Calle P, Ayarza de segundo por las \u00c1guilas de R\u00edo Abajo y Hicks de quinto por los subcampeones de la primera campa\u00f1a, los Toros de Chiriqu\u00ed. <\/p>\n<p>Julio Osorio fue el tercer pique para las Panteras de Parque Lefeve, Ed Jones el cuarto para los Caballos de Cocl\u00e9 y en los campeones Correcaminos de Col\u00f3n se llevaron de sexta elecci\u00f3n en la primera vuelta a Tyler Gaskins. <\/p>\n<p>Adem\u00e1s de Oglivie, los Halcones tambi\u00e9n seleccionaron a Amir Alvarado, Adolfo Alvarado, John Butler, Ryan Abraham, Luis Boza y Carmelo Mart\u00ednez. <\/p>\n<p>Las \u00c1guilas de R\u00edo Abajo sumaron a Manuel Guevara, Xavier Acosta, Mauro Fern\u00e1ndez y Darnel Grazette. Las Panteras picaron a Jorge Tat\u00f3n y Luis Dinolis. <\/p>\n<p>Los Caballos sumaron a sus filas a Carlos Johnson y Mario Butler. Chiriqu\u00ed pic\u00f3 a Gonz\u00e1lo Ortiz, Randy Lay, Carlos Hoy y Alejandro Cajar. Y\u00a0 Col\u00f3n tambi\u00e9n se llev\u00f3 a Juan G\u00f3ndola y Reyjavick De Gracia. <\/p>\n<p>Con estos piques, las seis franquicias completaron sus n\u00f3minas y est\u00e1n listos para comenzar su preparaci\u00f3n de cara a la II Temporada de la LPB, que arranca el 29 de julio en la Arena Roberto Dur\u00e1n con el duelo de finalistas del 2015, los Correcaminos. <\/p>\n<p>\u00a0 <\/p>\n","protected":false},"excerpt":{"rendered":"<p>Los canasteros seleccionados nacionales de Panam\u00e1, Ernesto Oglivie, Josimar Ayarza <a href=\"https:\/\/sertv.gob.pa\/nacionalfm\/oglivie-ayarza-y-hicks-primeros-piques-para-la-lpb-2016\/\"> [&#8230;]<\/a><\/p>\n","protected":false},"author":1,"featured_media":13205,"comment_status":"closed","ping_status":"closed","sticky":false,"template":"","format":"standard","meta":{"footnotes":""},"categories":[4],"tags":[],"class_list":["post-13204","post","type-post","status-publish","format-standard","has-post-thumbnail","hentry","category-deportes"],"_links":{"self":[{"href":"https:\/\/sertv.gob.pa\/nacionalfm\/wp-json\/wp\/v2\/posts\/13204","targetHints":{"allow":["GET"]}}],"collection":[{"href":"https:\/\/sertv.gob.pa\/nacionalfm\/wp-json\/wp\/v2\/posts"}],"about":[{"href":"https:\/\/sertv.gob.pa\/nacionalfm\/wp-json\/wp\/v2\/types\/post"}],"author":[{"embeddable":true,"href":"https:\/\/sertv.gob.pa\/nacionalfm\/wp-json\/wp\/v2\/users\/1"}],"replies":[{"embeddable":true,"href":"https:\/\/sertv.gob.pa\/nacionalfm\/wp-json\/wp\/v2\/comments?post=13204"}],"version-history":[{"count":0,"href":"https:\/\/sertv.gob.pa\/nacionalfm\/wp-json\/wp\/v2\/posts\/13204\/revisions"}],"wp:featuredmedia":[{"embeddable":true,"href":"https:\/\/sertv.gob.pa\/nacionalfm\/wp-json\/wp\/v2\/media\/13205"}],"wp:attachment":[{"href":"https:\/\/sertv.gob.pa\/nacionalfm\/wp-json\/wp\/v2\/media?parent=13204"}],"wp:term":[{"taxonomy":"category","embeddable":true,"href":"https:\/\/sertv.gob.pa\/nacionalfm\/wp-json\/wp\/v2\/categories?post=13204"},{"taxonomy":"post_tag","embeddable":true,"href":"https:\/\/sertv.gob.pa\/nacionalfm\/wp-json\/wp\/v2\/tags?post=13204"}],"curies":[{"name":"wp","href":"https:\/\/api.w.org\/{rel}","templated":true}]}}