{"id":13206,"date":"2016-06-01T21:15:21","date_gmt":"2016-06-01T21:15:21","guid":{"rendered":""},"modified":"2016-06-01T21:15:21","modified_gmt":"2016-06-01T21:15:21","slug":"sertv-colabora-con-proximos-guantes-de-oro","status":"publish","type":"post","link":"https:\/\/sertv.gob.pa\/nacionalfm\/sertv-colabora-con-proximos-guantes-de-oro\/","title":{"rendered":"Sertv colabora con pr\u00f3ximos Guantes de Oro"},"content":{"rendered":"<p>\nLa Federaci\u00f3n de Boxeo Ol\u00edmpico de Panam\u00e1, funcionarios de Relaciones P\u00fablicas del Instituto Paname\u00f1o de Deportes y el director del Servicio Nacional de Radio y Televisi\u00f3n Leo Alvarado <\/p>\n<p>Sostuvieron una reuni\u00f3n en la cual el presidente de la Federaci\u00f3n de Boxeo Ol\u00edmpico de Panam\u00e1 el doctor Tom\u00e1s Cianca \u00a0anunci\u00f3 la celebraci\u00f3n del Campeonato Nacional de Boxeo Guantes de Oro del 4 al 9 de julio, en el gimnasio de la Escuelo Pedro Pablo S\u00e1nchez de la Chorrera de la nueva provincia Panam\u00e1 Oeste. <\/p>\n<p> En la reuni\u00f3n el director de Sertv Leo Alvarado, dio a conocer que se transmitir\u00e1n la inauguraci\u00f3n y la final del evento y pondr\u00e1 a su disposici\u00f3n una lona que tiene Sertv, y brindar\u00e1 todo el apoyo necesario en cuanto a la divulgaci\u00f3n y promoci\u00f3n del torneo.  <\/p>\n<p>\u00a0 <\/p>\n<p>\u00a0 <\/p>\n","protected":false},"excerpt":{"rendered":"<p>La Federaci\u00f3n de Boxeo Ol\u00edmpico de Panam\u00e1, funcionarios de Relaciones <a href=\"https:\/\/sertv.gob.pa\/nacionalfm\/sertv-colabora-con-proximos-guantes-de-oro\/\"> [&#8230;]<\/a><\/p>\n","protected":false},"author":1,"featured_media":13207,"comment_status":"closed","ping_status":"closed","sticky":false,"template":"","format":"standard","meta":{"footnotes":""},"categories":[4],"tags":[],"class_list":["post-13206","post","type-post","status-publish","format-standard","has-post-thumbnail","hentry","category-deportes"],"_links":{"self":[{"href":"https:\/\/sertv.gob.pa\/nacionalfm\/wp-json\/wp\/v2\/posts\/13206","targetHints":{"allow":["GET"]}}],"collection":[{"href":"https:\/\/sertv.gob.pa\/nacionalfm\/wp-json\/wp\/v2\/posts"}],"about":[{"href":"https:\/\/sertv.gob.pa\/nacionalfm\/wp-json\/wp\/v2\/types\/post"}],"author":[{"embeddable":true,"href":"https:\/\/sertv.gob.pa\/nacionalfm\/wp-json\/wp\/v2\/users\/1"}],"replies":[{"embeddable":true,"href":"https:\/\/sertv.gob.pa\/nacionalfm\/wp-json\/wp\/v2\/comments?post=13206"}],"version-history":[{"count":0,"href":"https:\/\/sertv.gob.pa\/nacionalfm\/wp-json\/wp\/v2\/posts\/13206\/revisions"}],"wp:featuredmedia":[{"embeddable":true,"href":"https:\/\/sertv.gob.pa\/nacionalfm\/wp-json\/wp\/v2\/media\/13207"}],"wp:attachment":[{"href":"https:\/\/sertv.gob.pa\/nacionalfm\/wp-json\/wp\/v2\/media?parent=13206"}],"wp:term":[{"taxonomy":"category","embeddable":true,"href":"https:\/\/sertv.gob.pa\/nacionalfm\/wp-json\/wp\/v2\/categories?post=13206"},{"taxonomy":"post_tag","embeddable":true,"href":"https:\/\/sertv.gob.pa\/nacionalfm\/wp-json\/wp\/v2\/tags?post=13206"}],"curies":[{"name":"wp","href":"https:\/\/api.w.org\/{rel}","templated":true}]}}