{"id":13216,"date":"2016-06-02T14:45:32","date_gmt":"2016-06-02T14:45:32","guid":{"rendered":""},"modified":"2016-06-02T14:45:32","modified_gmt":"2016-06-02T14:45:32","slug":"edgar-crespo-con-apretada-agenda-en-el-mes-de-junio","status":"publish","type":"post","link":"https:\/\/sertv.gob.pa\/nacionalfm\/edgar-crespo-con-apretada-agenda-en-el-mes-de-junio\/","title":{"rendered":"Edgar Crespo con apretada agenda en el mes de junio"},"content":{"rendered":"<p>\nLuego de ganar el campeonato del 2016 ATUS Str\u00f6ck Graz Trophy, al acumular la mayor cantidad de puntos de la Federaci\u00f3n Internacional de Nataci\u00f3n, dentro del torneo, Egar Crespo reanuda sus competencias, previo a 7 semanas de fuerte entrenamiento en un agitado mes de junio con 5 competencias, una en Europa y de ellas en Panam\u00e1, todas avaladas por la FINA. <\/p>\n<p> Su primera competencia ser\u00e1 este fin de semana (4 y 5 de junio) en el Circuito Mare Nostrum.\u00a0 Este circuito comenzar\u00e1 en Monte Carlo (M\u00f3naco) en la XXXIV Meeting International de Monte Carlo. Estar\u00e1 compitiendo en los 50m y 100m pecho respectivamente.\u00a0  <\/p>\n<p> Cabe destacar que los 50m pecho ser\u00e1 un evento de \u00abllaves\u00bb d\u00f3nde nuestro representante se enfrentar\u00e1 por primera vez de esta manera: todos contra todos para pasar a los octavos de finales (16 mejores) y continuar con los cuartos (8 mejores), semi finales (4 mejores) y finales (los dos tiempos m\u00e1s r\u00e1pidos del evento).  <\/p>\n<p> El 6 de junio estar\u00e1 partiendo para Canet-en-Roussillion (Francia) para continuar con el Circuito Mare Nostrum en el 29th International Meeting of Canet En Roussillon. Crespo competir\u00e1 nuevamente en los 100m pecho el 8 de junio y en los 50m y 200m pecho el 9 de junio.  <\/p>\n<p> Actualmente, Crespo est\u00e1 en el listado de los mejores atletas con Marca Invitacional (marca B) del Ranking Mundial FINA para competir en los Juegos Ol\u00edmpicos de R\u00edo 2016.  <\/p>\n<p>\u00a0 <\/p>\n","protected":false},"excerpt":{"rendered":"<p>Luego de ganar el campeonato del 2016 ATUS Str\u00f6ck Graz <a href=\"https:\/\/sertv.gob.pa\/nacionalfm\/edgar-crespo-con-apretada-agenda-en-el-mes-de-junio\/\"> [&#8230;]<\/a><\/p>\n","protected":false},"author":1,"featured_media":13217,"comment_status":"closed","ping_status":"closed","sticky":false,"template":"","format":"standard","meta":{"footnotes":""},"categories":[4],"tags":[],"class_list":["post-13216","post","type-post","status-publish","format-standard","has-post-thumbnail","hentry","category-deportes"],"_links":{"self":[{"href":"https:\/\/sertv.gob.pa\/nacionalfm\/wp-json\/wp\/v2\/posts\/13216","targetHints":{"allow":["GET"]}}],"collection":[{"href":"https:\/\/sertv.gob.pa\/nacionalfm\/wp-json\/wp\/v2\/posts"}],"about":[{"href":"https:\/\/sertv.gob.pa\/nacionalfm\/wp-json\/wp\/v2\/types\/post"}],"author":[{"embeddable":true,"href":"https:\/\/sertv.gob.pa\/nacionalfm\/wp-json\/wp\/v2\/users\/1"}],"replies":[{"embeddable":true,"href":"https:\/\/sertv.gob.pa\/nacionalfm\/wp-json\/wp\/v2\/comments?post=13216"}],"version-history":[{"count":0,"href":"https:\/\/sertv.gob.pa\/nacionalfm\/wp-json\/wp\/v2\/posts\/13216\/revisions"}],"wp:featuredmedia":[{"embeddable":true,"href":"https:\/\/sertv.gob.pa\/nacionalfm\/wp-json\/wp\/v2\/media\/13217"}],"wp:attachment":[{"href":"https:\/\/sertv.gob.pa\/nacionalfm\/wp-json\/wp\/v2\/media?parent=13216"}],"wp:term":[{"taxonomy":"category","embeddable":true,"href":"https:\/\/sertv.gob.pa\/nacionalfm\/wp-json\/wp\/v2\/categories?post=13216"},{"taxonomy":"post_tag","embeddable":true,"href":"https:\/\/sertv.gob.pa\/nacionalfm\/wp-json\/wp\/v2\/tags?post=13216"}],"curies":[{"name":"wp","href":"https:\/\/api.w.org\/{rel}","templated":true}]}}