{"id":13222,"date":"2016-06-02T15:27:14","date_gmt":"2016-06-02T15:27:14","guid":{"rendered":""},"modified":"2016-06-02T15:27:14","modified_gmt":"2016-06-02T15:27:14","slug":"ajedrez-tiene-sus-campeones-en-ii-juegos-deportivos-estudiantiles","status":"publish","type":"post","link":"https:\/\/sertv.gob.pa\/nacionalfm\/ajedrez-tiene-sus-campeones-en-ii-juegos-deportivos-estudiantiles\/","title":{"rendered":"Ajedrez tiene sus campeones en II Juegos Deportivos Estudiantiles"},"content":{"rendered":"<p>\nSeis atletas del ajedrez en la rama masculina y femenina representar\u00e1n a Panam\u00e1 en los VIII Juegos de CODICADER a Nivel Primario, a realizarse del 18 al 22 de julio en la Sub-sede de El Salvador, al culminar los II Juegos Deportivos Estudiantiles a nivel primario que organiza el Ministerio de Educaci\u00f3n con el apoyo t\u00e9cnico del Instituto Paname\u00f1o de Deportes. <\/p>\n<p>Los seleccionados que salieron de la justa nacional estudiantil que se desarroll\u00f3 en las instalaciones del Hotel Las Cumbres, en la femenina,\u00a0 Milagros Alfredo, como la ganadora en esta rama, Ana Gabriela Arosemena, Dalexis Saucedo, Claudia \u00c1lvarez y Sigeilis Villarreal. <\/p>\n<p>Mientras en la masculina, los escogidos fueron Andr\u00e9 M\u00e9ndez, el campe\u00f3n en esta categor\u00eda, Jos\u00e9 Delgado, Leonardo Suarez, David V\u00e1squez, Marcos Gonz\u00e1lez y Rafael Torres. <\/p>\n<p>\u00a0 <\/p>\n","protected":false},"excerpt":{"rendered":"<p>Seis atletas del ajedrez en la rama masculina y femenina <a href=\"https:\/\/sertv.gob.pa\/nacionalfm\/ajedrez-tiene-sus-campeones-en-ii-juegos-deportivos-estudiantiles\/\"> [&#8230;]<\/a><\/p>\n","protected":false},"author":1,"featured_media":13223,"comment_status":"closed","ping_status":"closed","sticky":false,"template":"","format":"standard","meta":{"footnotes":""},"categories":[4],"tags":[],"class_list":["post-13222","post","type-post","status-publish","format-standard","has-post-thumbnail","hentry","category-deportes"],"_links":{"self":[{"href":"https:\/\/sertv.gob.pa\/nacionalfm\/wp-json\/wp\/v2\/posts\/13222","targetHints":{"allow":["GET"]}}],"collection":[{"href":"https:\/\/sertv.gob.pa\/nacionalfm\/wp-json\/wp\/v2\/posts"}],"about":[{"href":"https:\/\/sertv.gob.pa\/nacionalfm\/wp-json\/wp\/v2\/types\/post"}],"author":[{"embeddable":true,"href":"https:\/\/sertv.gob.pa\/nacionalfm\/wp-json\/wp\/v2\/users\/1"}],"replies":[{"embeddable":true,"href":"https:\/\/sertv.gob.pa\/nacionalfm\/wp-json\/wp\/v2\/comments?post=13222"}],"version-history":[{"count":0,"href":"https:\/\/sertv.gob.pa\/nacionalfm\/wp-json\/wp\/v2\/posts\/13222\/revisions"}],"wp:featuredmedia":[{"embeddable":true,"href":"https:\/\/sertv.gob.pa\/nacionalfm\/wp-json\/wp\/v2\/media\/13223"}],"wp:attachment":[{"href":"https:\/\/sertv.gob.pa\/nacionalfm\/wp-json\/wp\/v2\/media?parent=13222"}],"wp:term":[{"taxonomy":"category","embeddable":true,"href":"https:\/\/sertv.gob.pa\/nacionalfm\/wp-json\/wp\/v2\/categories?post=13222"},{"taxonomy":"post_tag","embeddable":true,"href":"https:\/\/sertv.gob.pa\/nacionalfm\/wp-json\/wp\/v2\/tags?post=13222"}],"curies":[{"name":"wp","href":"https:\/\/api.w.org\/{rel}","templated":true}]}}