{"id":13224,"date":"2016-06-02T15:31:43","date_gmt":"2016-06-02T15:31:43","guid":{"rendered":""},"modified":"2016-06-02T15:31:43","modified_gmt":"2016-06-02T15:31:43","slug":"en-mexico-tabaco-mata-a-40-mil-al-ano","status":"publish","type":"post","link":"https:\/\/sertv.gob.pa\/nacionalfm\/en-mexico-tabaco-mata-a-40-mil-al-ano\/","title":{"rendered":"En M\u00e9xico tabaco mata a 40 mil al a\u00f1o"},"content":{"rendered":"<p>\nM\u00e1s de 40 mil personas fallecen cada a\u00f1o en M\u00e9xico por enfermedades asociadas al tabaquismo, el equivalente a 110 decesos diarios, destac\u00f3 la Universidad Nacional Aut\u00f3noma de M\u00e9xico (UNAM). <\/p>\n<p>En el mundo, la cifra anual de fallecimientos es de, aproximadamente, seis millones de personas y de \u00e9stas 600 mil son fumadores pasivos, detall\u00f3 la instituci\u00f3n en un bolet\u00edn. <\/p>\n<p>\u00a0 <\/p>\n","protected":false},"excerpt":{"rendered":"<p>M\u00e1s de 40 mil personas fallecen cada a\u00f1o en M\u00e9xico <a href=\"https:\/\/sertv.gob.pa\/nacionalfm\/en-mexico-tabaco-mata-a-40-mil-al-ano\/\"> [&#8230;]<\/a><\/p>\n","protected":false},"author":1,"featured_media":13225,"comment_status":"closed","ping_status":"closed","sticky":false,"template":"","format":"standard","meta":{"footnotes":""},"categories":[5],"tags":[],"class_list":["post-13224","post","type-post","status-publish","format-standard","has-post-thumbnail","hentry","category-salud"],"_links":{"self":[{"href":"https:\/\/sertv.gob.pa\/nacionalfm\/wp-json\/wp\/v2\/posts\/13224","targetHints":{"allow":["GET"]}}],"collection":[{"href":"https:\/\/sertv.gob.pa\/nacionalfm\/wp-json\/wp\/v2\/posts"}],"about":[{"href":"https:\/\/sertv.gob.pa\/nacionalfm\/wp-json\/wp\/v2\/types\/post"}],"author":[{"embeddable":true,"href":"https:\/\/sertv.gob.pa\/nacionalfm\/wp-json\/wp\/v2\/users\/1"}],"replies":[{"embeddable":true,"href":"https:\/\/sertv.gob.pa\/nacionalfm\/wp-json\/wp\/v2\/comments?post=13224"}],"version-history":[{"count":0,"href":"https:\/\/sertv.gob.pa\/nacionalfm\/wp-json\/wp\/v2\/posts\/13224\/revisions"}],"wp:featuredmedia":[{"embeddable":true,"href":"https:\/\/sertv.gob.pa\/nacionalfm\/wp-json\/wp\/v2\/media\/13225"}],"wp:attachment":[{"href":"https:\/\/sertv.gob.pa\/nacionalfm\/wp-json\/wp\/v2\/media?parent=13224"}],"wp:term":[{"taxonomy":"category","embeddable":true,"href":"https:\/\/sertv.gob.pa\/nacionalfm\/wp-json\/wp\/v2\/categories?post=13224"},{"taxonomy":"post_tag","embeddable":true,"href":"https:\/\/sertv.gob.pa\/nacionalfm\/wp-json\/wp\/v2\/tags?post=13224"}],"curies":[{"name":"wp","href":"https:\/\/api.w.org\/{rel}","templated":true}]}}