{"id":13228,"date":"2016-06-02T15:40:10","date_gmt":"2016-06-02T15:40:10","guid":{"rendered":""},"modified":"2016-06-02T15:40:10","modified_gmt":"2016-06-02T15:40:10","slug":"trabajan-en-el-drenaje-del-rommel-fernandez","status":"publish","type":"post","link":"https:\/\/sertv.gob.pa\/nacionalfm\/trabajan-en-el-drenaje-del-rommel-fernandez\/","title":{"rendered":"Trabajan en el drenaje del Rommel Fern\u00e1ndez"},"content":{"rendered":"<p>\nAl detectarse que cuando llov\u00eda se empozaba agua en algunos sectores de la cancha, situaci\u00f3n que se acentu\u00f3 en el partido amistoso Venezuela &ndash; Panam\u00e1, el Instituto Paname\u00f1o de Deportes, trabaja en el mantenimiento del drenaje del Estadio Rommel Fern\u00e1ndez. <\/p>\n<p>Juan Pringle, jefe de Coliseos de PANDEPORTES, manifest\u00f3\u00a0 que se decidi\u00f3 realizar estas mejoras en este momento en que el estadio Rommel Fern\u00e1ndez est\u00e1 en descanso, al no contemplarse dentro de su programaci\u00f3n partidos a nivel local e internacional. <\/p>\n<p>Pringle explic\u00f3 que las mejoras se iniciaron en el \u00e1rea norte-sur de la cancha, con la apertura de las zanjas para el cambio de las tuber\u00edas y que se aprovechar\u00e1 para la instalaci\u00f3n de otras l\u00edneas de cuatro pulgadas, para ampliar la capacidad el sistema de drenaje. Posteriormente se trabajar\u00e1 en el sector central. <\/p>\n<p>Adem\u00e1s indic\u00f3 que la rehabilitaci\u00f3n del sistema de drenaje adem\u00e1s de la colocaci\u00f3n de tuber\u00edas nuevas, tambi\u00e9n incluye la colocaci\u00f3n de un nuevo geotextil, arena, piedra y la reinstalaci\u00f3n de la grama que se desmont\u00f3 en forma de rollos, que permite que se compacte con facilidad en una semana. <\/p>\n<p>\u00a0 <\/p>\n","protected":false},"excerpt":{"rendered":"<p>Al detectarse que cuando llov\u00eda se empozaba agua en algunos <a href=\"https:\/\/sertv.gob.pa\/nacionalfm\/trabajan-en-el-drenaje-del-rommel-fernandez\/\"> [&#8230;]<\/a><\/p>\n","protected":false},"author":1,"featured_media":13229,"comment_status":"closed","ping_status":"closed","sticky":false,"template":"","format":"standard","meta":{"footnotes":""},"categories":[4],"tags":[],"class_list":["post-13228","post","type-post","status-publish","format-standard","has-post-thumbnail","hentry","category-deportes"],"_links":{"self":[{"href":"https:\/\/sertv.gob.pa\/nacionalfm\/wp-json\/wp\/v2\/posts\/13228","targetHints":{"allow":["GET"]}}],"collection":[{"href":"https:\/\/sertv.gob.pa\/nacionalfm\/wp-json\/wp\/v2\/posts"}],"about":[{"href":"https:\/\/sertv.gob.pa\/nacionalfm\/wp-json\/wp\/v2\/types\/post"}],"author":[{"embeddable":true,"href":"https:\/\/sertv.gob.pa\/nacionalfm\/wp-json\/wp\/v2\/users\/1"}],"replies":[{"embeddable":true,"href":"https:\/\/sertv.gob.pa\/nacionalfm\/wp-json\/wp\/v2\/comments?post=13228"}],"version-history":[{"count":0,"href":"https:\/\/sertv.gob.pa\/nacionalfm\/wp-json\/wp\/v2\/posts\/13228\/revisions"}],"wp:featuredmedia":[{"embeddable":true,"href":"https:\/\/sertv.gob.pa\/nacionalfm\/wp-json\/wp\/v2\/media\/13229"}],"wp:attachment":[{"href":"https:\/\/sertv.gob.pa\/nacionalfm\/wp-json\/wp\/v2\/media?parent=13228"}],"wp:term":[{"taxonomy":"category","embeddable":true,"href":"https:\/\/sertv.gob.pa\/nacionalfm\/wp-json\/wp\/v2\/categories?post=13228"},{"taxonomy":"post_tag","embeddable":true,"href":"https:\/\/sertv.gob.pa\/nacionalfm\/wp-json\/wp\/v2\/tags?post=13228"}],"curies":[{"name":"wp","href":"https:\/\/api.w.org\/{rel}","templated":true}]}}