{"id":13260,"date":"2016-06-03T15:14:14","date_gmt":"2016-06-03T15:14:14","guid":{"rendered":""},"modified":"2016-06-03T15:14:14","modified_gmt":"2016-06-03T15:14:14","slug":"mike-stump-nuevo-director-tecnico-del-san-francisco","status":"publish","type":"post","link":"https:\/\/sertv.gob.pa\/nacionalfm\/mike-stump-nuevo-director-tecnico-del-san-francisco\/","title":{"rendered":"Mike Stump, nuevo director t\u00e9cnico del San Francisco"},"content":{"rendered":"<p>\nMike Stump fue confirmado como nuevo t\u00e9cnico del San Francisco FC, por la directiva del club, que preside Iv\u00e1n De\u00a0 Icaza, el contrato fue firmado por el nuevo t\u00e9cnico, en las oficinas del directivo del club, Felipe Motta III: Stump, con mucha experiencia en el f\u00fatbol nacional, ha dirigido a cuatro equipos en la LPF, como lo son Chepo, Plaza Amador, Tauro y Chorrillo.\u00a0  <\/p>\n<p> El nuevo D.T. del SanFra ha manifestado a la directiva del club que viene con muchos deseos de sacar al equipo campe\u00f3n y devolverlo al lugar que corresponde, y darle nuevas alegr\u00edas a la fanaticada. En lo personal, el t\u00e9cnico tambi\u00e9n recalc\u00f3 que quiere ser campe\u00f3n, ya que en cuatro ocasiones ha perdido finales en el plano local.  <\/p>\n<p> Conocido por toda la fanaticada del f\u00fatbol de Panam\u00e1, Mike Stump, un t\u00e9cnico apasionado por el f\u00fatbol y temperamental, tratar\u00e1 de devolverle la identidad al club franciscano.  <\/p>\n<p>\u00a0 <\/p>\n","protected":false},"excerpt":{"rendered":"<p>Mike Stump fue confirmado como nuevo t\u00e9cnico del San Francisco <a href=\"https:\/\/sertv.gob.pa\/nacionalfm\/mike-stump-nuevo-director-tecnico-del-san-francisco\/\"> [&#8230;]<\/a><\/p>\n","protected":false},"author":1,"featured_media":13261,"comment_status":"closed","ping_status":"closed","sticky":false,"template":"","format":"standard","meta":{"footnotes":""},"categories":[4],"tags":[],"class_list":["post-13260","post","type-post","status-publish","format-standard","has-post-thumbnail","hentry","category-deportes"],"_links":{"self":[{"href":"https:\/\/sertv.gob.pa\/nacionalfm\/wp-json\/wp\/v2\/posts\/13260","targetHints":{"allow":["GET"]}}],"collection":[{"href":"https:\/\/sertv.gob.pa\/nacionalfm\/wp-json\/wp\/v2\/posts"}],"about":[{"href":"https:\/\/sertv.gob.pa\/nacionalfm\/wp-json\/wp\/v2\/types\/post"}],"author":[{"embeddable":true,"href":"https:\/\/sertv.gob.pa\/nacionalfm\/wp-json\/wp\/v2\/users\/1"}],"replies":[{"embeddable":true,"href":"https:\/\/sertv.gob.pa\/nacionalfm\/wp-json\/wp\/v2\/comments?post=13260"}],"version-history":[{"count":0,"href":"https:\/\/sertv.gob.pa\/nacionalfm\/wp-json\/wp\/v2\/posts\/13260\/revisions"}],"wp:featuredmedia":[{"embeddable":true,"href":"https:\/\/sertv.gob.pa\/nacionalfm\/wp-json\/wp\/v2\/media\/13261"}],"wp:attachment":[{"href":"https:\/\/sertv.gob.pa\/nacionalfm\/wp-json\/wp\/v2\/media?parent=13260"}],"wp:term":[{"taxonomy":"category","embeddable":true,"href":"https:\/\/sertv.gob.pa\/nacionalfm\/wp-json\/wp\/v2\/categories?post=13260"},{"taxonomy":"post_tag","embeddable":true,"href":"https:\/\/sertv.gob.pa\/nacionalfm\/wp-json\/wp\/v2\/tags?post=13260"}],"curies":[{"name":"wp","href":"https:\/\/api.w.org\/{rel}","templated":true}]}}