{"id":13266,"date":"2016-06-03T15:32:55","date_gmt":"2016-06-03T15:32:55","guid":{"rendered":""},"modified":"2016-06-03T15:32:55","modified_gmt":"2016-06-03T15:32:55","slug":"alcaldia-entrega-orden-de-proceder-para-parque-norte","status":"publish","type":"post","link":"https:\/\/sertv.gob.pa\/nacionalfm\/alcaldia-entrega-orden-de-proceder-para-parque-norte\/","title":{"rendered":"Alcald\u00eda entrega orden de proceder para Parque Norte"},"content":{"rendered":"<p>\nEste viernes 27 de mayo, la Alcald\u00eda de Panam\u00e1 entreg\u00f3 las \u00f3rdenes de proceder para la construcci\u00f3n del Parque Norte y de las oficinas del Cementerio Municipal de Concepci\u00f3n\u00a0 en Juan D\u00edaz. <\/p>\n<p>La construcci\u00f3n del Parque Norte es un desarrollo importante de un \u00e1rea orientada al disfrute familiar y para que la juventud encuentre m\u00faltiples oportunidades de involucrarse en actividades de ocio creativo, actividades culturales, educativas y deportivas. <\/p>\n<p>Contar\u00e1 con luminarias, cancha el f\u00fatbol, canchas multiusos, \u00e1rea techada, anfiteatro al aire libre, bibliotecas, \u00e1rea de educaci\u00f3n creativa, salones, \u00e1reas de interacci\u00f3n social, huertos ecol\u00f3gicos, senderos ecol\u00f3gicos, gazebos, ciclov\u00eda, estacionamientos y una escuela laboral, desarrollados en 20 hect\u00e1reas y con dos entradas, una por la carretera Trans\u00edstmica atravesando San Vicente #1 y la otra por la autopista Panam\u00e1-Col\u00f3n kil\u00f3metro 11 y 12. <\/p>\n<p>Seg\u00fan el alcalde Jos\u00e9 Bland\u00f3n Figueroa, \u00a0la inversi\u00f3n ser\u00e1 de aproximadamente 16 millones de balboas y se espera est\u00e9 terminada en 18 meses. <\/p>\n<p>\u00a0 <\/p>\n<p>\u00a0 <\/p>\n","protected":false},"excerpt":{"rendered":"<p>Este viernes 27 de mayo, la Alcald\u00eda de Panam\u00e1 entreg\u00f3 <a href=\"https:\/\/sertv.gob.pa\/nacionalfm\/alcaldia-entrega-orden-de-proceder-para-parque-norte\/\"> [&#8230;]<\/a><\/p>\n","protected":false},"author":1,"featured_media":13267,"comment_status":"closed","ping_status":"closed","sticky":false,"template":"","format":"standard","meta":{"footnotes":""},"categories":[4],"tags":[],"class_list":["post-13266","post","type-post","status-publish","format-standard","has-post-thumbnail","hentry","category-deportes"],"_links":{"self":[{"href":"https:\/\/sertv.gob.pa\/nacionalfm\/wp-json\/wp\/v2\/posts\/13266","targetHints":{"allow":["GET"]}}],"collection":[{"href":"https:\/\/sertv.gob.pa\/nacionalfm\/wp-json\/wp\/v2\/posts"}],"about":[{"href":"https:\/\/sertv.gob.pa\/nacionalfm\/wp-json\/wp\/v2\/types\/post"}],"author":[{"embeddable":true,"href":"https:\/\/sertv.gob.pa\/nacionalfm\/wp-json\/wp\/v2\/users\/1"}],"replies":[{"embeddable":true,"href":"https:\/\/sertv.gob.pa\/nacionalfm\/wp-json\/wp\/v2\/comments?post=13266"}],"version-history":[{"count":0,"href":"https:\/\/sertv.gob.pa\/nacionalfm\/wp-json\/wp\/v2\/posts\/13266\/revisions"}],"wp:featuredmedia":[{"embeddable":true,"href":"https:\/\/sertv.gob.pa\/nacionalfm\/wp-json\/wp\/v2\/media\/13267"}],"wp:attachment":[{"href":"https:\/\/sertv.gob.pa\/nacionalfm\/wp-json\/wp\/v2\/media?parent=13266"}],"wp:term":[{"taxonomy":"category","embeddable":true,"href":"https:\/\/sertv.gob.pa\/nacionalfm\/wp-json\/wp\/v2\/categories?post=13266"},{"taxonomy":"post_tag","embeddable":true,"href":"https:\/\/sertv.gob.pa\/nacionalfm\/wp-json\/wp\/v2\/tags?post=13266"}],"curies":[{"name":"wp","href":"https:\/\/api.w.org\/{rel}","templated":true}]}}