{"id":13268,"date":"2016-06-03T15:37:57","date_gmt":"2016-06-03T15:37:57","guid":{"rendered":""},"modified":"2016-06-03T15:37:57","modified_gmt":"2016-06-03T15:37:57","slug":"reiteran-el-rol-de-los-lacteos-en-la-salud","status":"publish","type":"post","link":"https:\/\/sertv.gob.pa\/nacionalfm\/reiteran-el-rol-de-los-lacteos-en-la-salud\/","title":{"rendered":"Reiteran el rol de los l\u00e1cteos en la salud"},"content":{"rendered":"<p>\nLa  leche  es uno de los alimentos m\u00e1s completos que hay, ya que proporciona un equilibrio \u00fanico de nutrientes como prote\u00ednas, minerales y\u00a0vitaminas. <\/p>\n<p>Adem\u00e1s,  interviene en la prevenci\u00f3n de afecciones  dentales y bucales, ayuda igualmente a conciliar el sue\u00f1o, es importante en la hidrataci\u00f3n y participa en la prevenci\u00f3n de enfermedades cr\u00f3nicas no transmisibles. <\/p>\n<p>As\u00ed lo reiter\u00f3 el nutricionista Rafael Cornes, de la  Federaci\u00f3n Panamericana de la Leche (Fepale) , en una conferencia virtual, en el \u00e1mbito de la celebraci\u00f3n del D\u00eda Mundial de la Leche, el 1 de junio. <\/p>\n<p>Si bien el  consumo  de  leche  es necesario en todas las edades, en la ni\u00f1ez y en la  adolescencia  los requerimientos son m\u00e1s elevados porque es cuando se produce el mayor crecimiento del hueso. <\/p>\n<p>Para los  ni\u00f1os  se recomiendan dos o tres vasos de leche diarios, y para los  adolescentes  cuatro vasos. <\/p>\n<p>A la par, mencion\u00f3 que hay  campa\u00f1as antileche  en las  redes sociales  que han relacionado c\u00e1ncer y obesidad con su consumo. Sobre esto, resalta que no hay estudios que hayan confirmado esta relaci\u00f3n. <\/p>\n<p>\u00a0 <\/p>\n<p>\u00a0 <\/p>\n","protected":false},"excerpt":{"rendered":"<p>La leche es uno de los alimentos m\u00e1s completos que <a href=\"https:\/\/sertv.gob.pa\/nacionalfm\/reiteran-el-rol-de-los-lacteos-en-la-salud\/\"> [&#8230;]<\/a><\/p>\n","protected":false},"author":1,"featured_media":13269,"comment_status":"closed","ping_status":"closed","sticky":false,"template":"","format":"standard","meta":{"footnotes":""},"categories":[5],"tags":[],"class_list":["post-13268","post","type-post","status-publish","format-standard","has-post-thumbnail","hentry","category-salud"],"_links":{"self":[{"href":"https:\/\/sertv.gob.pa\/nacionalfm\/wp-json\/wp\/v2\/posts\/13268","targetHints":{"allow":["GET"]}}],"collection":[{"href":"https:\/\/sertv.gob.pa\/nacionalfm\/wp-json\/wp\/v2\/posts"}],"about":[{"href":"https:\/\/sertv.gob.pa\/nacionalfm\/wp-json\/wp\/v2\/types\/post"}],"author":[{"embeddable":true,"href":"https:\/\/sertv.gob.pa\/nacionalfm\/wp-json\/wp\/v2\/users\/1"}],"replies":[{"embeddable":true,"href":"https:\/\/sertv.gob.pa\/nacionalfm\/wp-json\/wp\/v2\/comments?post=13268"}],"version-history":[{"count":0,"href":"https:\/\/sertv.gob.pa\/nacionalfm\/wp-json\/wp\/v2\/posts\/13268\/revisions"}],"wp:featuredmedia":[{"embeddable":true,"href":"https:\/\/sertv.gob.pa\/nacionalfm\/wp-json\/wp\/v2\/media\/13269"}],"wp:attachment":[{"href":"https:\/\/sertv.gob.pa\/nacionalfm\/wp-json\/wp\/v2\/media?parent=13268"}],"wp:term":[{"taxonomy":"category","embeddable":true,"href":"https:\/\/sertv.gob.pa\/nacionalfm\/wp-json\/wp\/v2\/categories?post=13268"},{"taxonomy":"post_tag","embeddable":true,"href":"https:\/\/sertv.gob.pa\/nacionalfm\/wp-json\/wp\/v2\/tags?post=13268"}],"curies":[{"name":"wp","href":"https:\/\/api.w.org\/{rel}","templated":true}]}}