{"id":13300,"date":"2016-06-06T15:33:26","date_gmt":"2016-06-06T15:33:26","guid":{"rendered":""},"modified":"2016-06-06T15:33:26","modified_gmt":"2016-06-06T15:33:26","slug":"hasta-hoy-6-de-junio-197-personas-hospitalizadas-por-influenza","status":"publish","type":"post","link":"https:\/\/sertv.gob.pa\/nacionalfm\/hasta-hoy-6-de-junio-197-personas-hospitalizadas-por-influenza\/","title":{"rendered":"Hasta hoy, 6 de junio, 197 personas hospitalizadas por influenza"},"content":{"rendered":"<p>\nHasta este lunes, 6 de junio de 2016, unas 197 personas se hallan\u00a0hospitalizadas en el pa\u00eds por influenza, as\u00ed lo dio a conocer el ministro de Salud,  Francisco Javier Terrientes , quien se\u00f1al\u00f3 que la cifra de pacientes en cuidados intensivos se mantiene en 22 y cinco los fallecidos. \u00a0 <\/p>\n<p>El funcionario precis\u00f3 que los hospitalizados se encuentran recluidos en hospitales del Ministerio de Salud, Caja de Seguro Social y hospitales privados. \u00a0 <\/p>\n<p>A ra\u00edz de la alerta epidemiol\u00f3gica emitida, Terrientes record\u00f3 que la poblaci\u00f3n en riesgo est\u00e1 siendo vacunada, de manera gratuita, en diferentes centros de salud del pa\u00eds. \u00a0 <\/p>\n<p>Esta poblaci\u00f3n en riesgo es la conformada por menores de cinco a\u00f1os, mayores de 60 y aquellos con patolog\u00edas cr\u00f3nicas. Estos criterios forman parte de las normas internacionales manejadas por la Organizaci\u00f3n Mundial de la Salud y la Organizaci\u00f3n Panamericana de la Salud (OPS), recalc\u00f3 el ministro. \u00a0 <\/p>\n<p>En el futuro no se descarta abrir el marco de las personas que pudieran ser vacunadas, sin embargo, insisti\u00f3 en que hay que garantizar por el momento a los grupos en peligro. \u00a0 <\/p>\n<p>\u00a0 <\/p>\n","protected":false},"excerpt":{"rendered":"<p>Hasta este lunes, 6 de junio de 2016, unas 197 <a href=\"https:\/\/sertv.gob.pa\/nacionalfm\/hasta-hoy-6-de-junio-197-personas-hospitalizadas-por-influenza\/\"> [&#8230;]<\/a><\/p>\n","protected":false},"author":1,"featured_media":13301,"comment_status":"closed","ping_status":"closed","sticky":false,"template":"","format":"standard","meta":{"footnotes":""},"categories":[5],"tags":[],"class_list":["post-13300","post","type-post","status-publish","format-standard","has-post-thumbnail","hentry","category-salud"],"_links":{"self":[{"href":"https:\/\/sertv.gob.pa\/nacionalfm\/wp-json\/wp\/v2\/posts\/13300","targetHints":{"allow":["GET"]}}],"collection":[{"href":"https:\/\/sertv.gob.pa\/nacionalfm\/wp-json\/wp\/v2\/posts"}],"about":[{"href":"https:\/\/sertv.gob.pa\/nacionalfm\/wp-json\/wp\/v2\/types\/post"}],"author":[{"embeddable":true,"href":"https:\/\/sertv.gob.pa\/nacionalfm\/wp-json\/wp\/v2\/users\/1"}],"replies":[{"embeddable":true,"href":"https:\/\/sertv.gob.pa\/nacionalfm\/wp-json\/wp\/v2\/comments?post=13300"}],"version-history":[{"count":0,"href":"https:\/\/sertv.gob.pa\/nacionalfm\/wp-json\/wp\/v2\/posts\/13300\/revisions"}],"wp:featuredmedia":[{"embeddable":true,"href":"https:\/\/sertv.gob.pa\/nacionalfm\/wp-json\/wp\/v2\/media\/13301"}],"wp:attachment":[{"href":"https:\/\/sertv.gob.pa\/nacionalfm\/wp-json\/wp\/v2\/media?parent=13300"}],"wp:term":[{"taxonomy":"category","embeddable":true,"href":"https:\/\/sertv.gob.pa\/nacionalfm\/wp-json\/wp\/v2\/categories?post=13300"},{"taxonomy":"post_tag","embeddable":true,"href":"https:\/\/sertv.gob.pa\/nacionalfm\/wp-json\/wp\/v2\/tags?post=13300"}],"curies":[{"name":"wp","href":"https:\/\/api.w.org\/{rel}","templated":true}]}}