{"id":13306,"date":"2016-06-06T16:22:37","date_gmt":"2016-06-06T16:22:37","guid":{"rendered":""},"modified":"2016-06-06T16:22:37","modified_gmt":"2016-06-06T16:22:37","slug":"en-el-ion-656-personas-fueron-atendidas-durante-campana","status":"publish","type":"post","link":"https:\/\/sertv.gob.pa\/nacionalfm\/en-el-ion-656-personas-fueron-atendidas-durante-campana\/","title":{"rendered":"En el ION, 656 personas fueron atendidas durante campa\u00f1a"},"content":{"rendered":"<p>\nDurante los cinco martes de mayo, el mes de la prevenci\u00f3n y detecci\u00f3n del c\u00e1ncer de piel,  656 personas fueron atendidas \u00a0como parte de una campa\u00f1a llevada a cabo en el  Instituto Oncol\u00f3gico Nacional (ION) . <\/p>\n<p>La campa\u00f1a, que inici\u00f3 formalmente en enero, culmin\u00f3 con\u00a0las jornadas ampliadas de revisi\u00f3n de piel todos los martes de mayo cuando los asistentes tuvieron la oportunidad de atenderse con un equipo de dermat\u00f3logos que se encarg\u00f3 de evaluar factores de riesgo, lunares y lesiones sospechosas. <\/p>\n<p>La directora ejecutiva de  Fundac\u00e1ncer , Alexandra Castro Novey, fue la encargada de revelar los resultados de las jornadas, los cuales revelaron que de las 656 personas atendidas, 20 presentaron casos de  carcinoma basocelular , mientras que otros 40 casos fueron de  melanoma maligno . <\/p>\n<p>Asimismo, sumado a los casos detectados en la Cl\u00ednica de la Piel Irene Escoffery del ION, a trav\u00e9s del programa permanente de Fundac\u00e1ncer de detecci\u00f3n de c\u00e1ncer de piel, da como resultado un total de  91 casos de c\u00e1ncer de piel detectados  y 802 personas atendidas. <\/p>\n<p>\u00a0 <\/p>\n<p>\u00a0 <\/p>\n","protected":false},"excerpt":{"rendered":"<p>Durante los cinco martes de mayo, el mes de la <a href=\"https:\/\/sertv.gob.pa\/nacionalfm\/en-el-ion-656-personas-fueron-atendidas-durante-campana\/\"> [&#8230;]<\/a><\/p>\n","protected":false},"author":1,"featured_media":13307,"comment_status":"closed","ping_status":"closed","sticky":false,"template":"","format":"standard","meta":{"footnotes":""},"categories":[5],"tags":[],"class_list":["post-13306","post","type-post","status-publish","format-standard","has-post-thumbnail","hentry","category-salud"],"_links":{"self":[{"href":"https:\/\/sertv.gob.pa\/nacionalfm\/wp-json\/wp\/v2\/posts\/13306","targetHints":{"allow":["GET"]}}],"collection":[{"href":"https:\/\/sertv.gob.pa\/nacionalfm\/wp-json\/wp\/v2\/posts"}],"about":[{"href":"https:\/\/sertv.gob.pa\/nacionalfm\/wp-json\/wp\/v2\/types\/post"}],"author":[{"embeddable":true,"href":"https:\/\/sertv.gob.pa\/nacionalfm\/wp-json\/wp\/v2\/users\/1"}],"replies":[{"embeddable":true,"href":"https:\/\/sertv.gob.pa\/nacionalfm\/wp-json\/wp\/v2\/comments?post=13306"}],"version-history":[{"count":0,"href":"https:\/\/sertv.gob.pa\/nacionalfm\/wp-json\/wp\/v2\/posts\/13306\/revisions"}],"wp:featuredmedia":[{"embeddable":true,"href":"https:\/\/sertv.gob.pa\/nacionalfm\/wp-json\/wp\/v2\/media\/13307"}],"wp:attachment":[{"href":"https:\/\/sertv.gob.pa\/nacionalfm\/wp-json\/wp\/v2\/media?parent=13306"}],"wp:term":[{"taxonomy":"category","embeddable":true,"href":"https:\/\/sertv.gob.pa\/nacionalfm\/wp-json\/wp\/v2\/categories?post=13306"},{"taxonomy":"post_tag","embeddable":true,"href":"https:\/\/sertv.gob.pa\/nacionalfm\/wp-json\/wp\/v2\/tags?post=13306"}],"curies":[{"name":"wp","href":"https:\/\/api.w.org\/{rel}","templated":true}]}}