{"id":13308,"date":"2016-06-06T16:25:29","date_gmt":"2016-06-06T16:25:29","guid":{"rendered":""},"modified":"2016-06-06T16:25:29","modified_gmt":"2016-06-06T16:25:29","slug":"castro-inconforme-con-decision-de-arbitro-ante-el-cientifico","status":"publish","type":"post","link":"https:\/\/sertv.gob.pa\/nacionalfm\/castro-inconforme-con-decision-de-arbitro-ante-el-cientifico\/","title":{"rendered":"Castro inconforme con decisi\u00f3n de \u00e1rbitro ante \u201cEl Cient\u00edfico\u201d"},"content":{"rendered":"<p>\nEl ex campe\u00f3n ligero nacional Eric Castro se mostr\u00f3 inconforme con la decisi\u00f3n del \u00e1rbitro Guillermo P\u00e9rez Pineda en su encuentro ante Ricardo &ldquo;El Cient\u00edfico&rdquo; N\u00fa\u00f1ez, el cual perdi\u00f3 por K.O. en el segundo asalto, cuando el \u00e1rbitro le cont\u00f3 los 10 segundos sentado en el banquillo. <\/p>\n<p>Castro manifest\u00f3 que por el golpe despu\u00e9s de la campana y en la nuca, el encuentro debi\u00f3 ser declarado no contest. <\/p>\n<p>Agreg\u00f3 el el p\u00fagil sante\u00f1o que le agradar\u00eda un combate de revancha, pero que la Comisi\u00f3n de Boxeo Profesional de Panam\u00e1 lo siga reconociendo como el campe\u00f3n, porque es injusto perder un t\u00edtulo con un golpe ilegal y luego de finalizar el asalto. <\/p>\n","protected":false},"excerpt":{"rendered":"<p>El ex campe\u00f3n ligero nacional Eric Castro se mostr\u00f3 inconforme <a href=\"https:\/\/sertv.gob.pa\/nacionalfm\/castro-inconforme-con-decision-de-arbitro-ante-el-cientifico\/\"> [&#8230;]<\/a><\/p>\n","protected":false},"author":1,"featured_media":13309,"comment_status":"closed","ping_status":"closed","sticky":false,"template":"","format":"standard","meta":{"footnotes":""},"categories":[4],"tags":[],"class_list":["post-13308","post","type-post","status-publish","format-standard","has-post-thumbnail","hentry","category-deportes"],"_links":{"self":[{"href":"https:\/\/sertv.gob.pa\/nacionalfm\/wp-json\/wp\/v2\/posts\/13308","targetHints":{"allow":["GET"]}}],"collection":[{"href":"https:\/\/sertv.gob.pa\/nacionalfm\/wp-json\/wp\/v2\/posts"}],"about":[{"href":"https:\/\/sertv.gob.pa\/nacionalfm\/wp-json\/wp\/v2\/types\/post"}],"author":[{"embeddable":true,"href":"https:\/\/sertv.gob.pa\/nacionalfm\/wp-json\/wp\/v2\/users\/1"}],"replies":[{"embeddable":true,"href":"https:\/\/sertv.gob.pa\/nacionalfm\/wp-json\/wp\/v2\/comments?post=13308"}],"version-history":[{"count":0,"href":"https:\/\/sertv.gob.pa\/nacionalfm\/wp-json\/wp\/v2\/posts\/13308\/revisions"}],"wp:featuredmedia":[{"embeddable":true,"href":"https:\/\/sertv.gob.pa\/nacionalfm\/wp-json\/wp\/v2\/media\/13309"}],"wp:attachment":[{"href":"https:\/\/sertv.gob.pa\/nacionalfm\/wp-json\/wp\/v2\/media?parent=13308"}],"wp:term":[{"taxonomy":"category","embeddable":true,"href":"https:\/\/sertv.gob.pa\/nacionalfm\/wp-json\/wp\/v2\/categories?post=13308"},{"taxonomy":"post_tag","embeddable":true,"href":"https:\/\/sertv.gob.pa\/nacionalfm\/wp-json\/wp\/v2\/tags?post=13308"}],"curies":[{"name":"wp","href":"https:\/\/api.w.org\/{rel}","templated":true}]}}