{"id":13312,"date":"2016-06-06T17:12:31","date_gmt":"2016-06-06T17:12:31","guid":{"rendered":""},"modified":"2016-06-06T17:12:31","modified_gmt":"2016-06-06T17:12:31","slug":"pandeportes-inicia-programa-de-vacaciones-deportivas","status":"publish","type":"post","link":"https:\/\/sertv.gob.pa\/nacionalfm\/pandeportes-inicia-programa-de-vacaciones-deportivas\/","title":{"rendered":"PANDEPORTES inicia programa de Vacaciones Deportivas"},"content":{"rendered":"<p>\nEn horas de la ma\u00f1ana de hoy 6 de junio inici\u00f3 el programa Vacaciones Deportivas que ejecuta el Instituto Paname\u00f1o de Deportes en la ciudad deportiva Irving Saladino, para darle una sana alternativa a los estudiantes durante esta semana de receso escolar de medio a\u00f1o. <\/p>\n<p>PANDEPORTES \u00a0bajo la\u00a0 coordinaci\u00f3n del Departamento de Deportes Para Todos,\u00a0 adelanta este programa con la participaci\u00f3n de instructores y monitores especializados en\u00a0 la rama del atletismo, baloncesto y voleibol, recibiendo una efectiva respuesta de los ni\u00f1os y j\u00f3venes residentes en las comunidades aleda\u00f1as a estas instalaciones deportivas. <\/p>\n<p>El programa de Vacaciones Deportivas se extender\u00e1 hasta el viernes 10 de junio, por lo que PANDEPORTES \u00a0mantiene la convocatoria para que la juventud estudiosa entre 7 y 17 a\u00f1os participen de las actividades deportivas para que disfruten a lo grande de este per\u00edodo de vacaciones escolares de medio a\u00f1o. <\/p>\n<p>\u00a0 <\/p>\n","protected":false},"excerpt":{"rendered":"<p>En horas de la ma\u00f1ana de hoy 6 de junio <a href=\"https:\/\/sertv.gob.pa\/nacionalfm\/pandeportes-inicia-programa-de-vacaciones-deportivas\/\"> [&#8230;]<\/a><\/p>\n","protected":false},"author":1,"featured_media":13313,"comment_status":"closed","ping_status":"closed","sticky":false,"template":"","format":"standard","meta":{"footnotes":""},"categories":[4],"tags":[],"class_list":["post-13312","post","type-post","status-publish","format-standard","has-post-thumbnail","hentry","category-deportes"],"_links":{"self":[{"href":"https:\/\/sertv.gob.pa\/nacionalfm\/wp-json\/wp\/v2\/posts\/13312","targetHints":{"allow":["GET"]}}],"collection":[{"href":"https:\/\/sertv.gob.pa\/nacionalfm\/wp-json\/wp\/v2\/posts"}],"about":[{"href":"https:\/\/sertv.gob.pa\/nacionalfm\/wp-json\/wp\/v2\/types\/post"}],"author":[{"embeddable":true,"href":"https:\/\/sertv.gob.pa\/nacionalfm\/wp-json\/wp\/v2\/users\/1"}],"replies":[{"embeddable":true,"href":"https:\/\/sertv.gob.pa\/nacionalfm\/wp-json\/wp\/v2\/comments?post=13312"}],"version-history":[{"count":0,"href":"https:\/\/sertv.gob.pa\/nacionalfm\/wp-json\/wp\/v2\/posts\/13312\/revisions"}],"wp:featuredmedia":[{"embeddable":true,"href":"https:\/\/sertv.gob.pa\/nacionalfm\/wp-json\/wp\/v2\/media\/13313"}],"wp:attachment":[{"href":"https:\/\/sertv.gob.pa\/nacionalfm\/wp-json\/wp\/v2\/media?parent=13312"}],"wp:term":[{"taxonomy":"category","embeddable":true,"href":"https:\/\/sertv.gob.pa\/nacionalfm\/wp-json\/wp\/v2\/categories?post=13312"},{"taxonomy":"post_tag","embeddable":true,"href":"https:\/\/sertv.gob.pa\/nacionalfm\/wp-json\/wp\/v2\/tags?post=13312"}],"curies":[{"name":"wp","href":"https:\/\/api.w.org\/{rel}","templated":true}]}}