{"id":13322,"date":"2016-06-06T22:01:48","date_gmt":"2016-06-06T22:01:48","guid":{"rendered":""},"modified":"2016-06-06T22:01:48","modified_gmt":"2016-06-06T22:01:48","slug":"fallece-el-mas-grande-del-boxeo-muhamad-ali","status":"publish","type":"post","link":"https:\/\/sertv.gob.pa\/nacionalfm\/fallece-el-mas-grande-del-boxeo-muhamad-ali\/","title":{"rendered":"Fallece \u201cEl M\u00e1s Grande del Boxeo\u201d, Muhamad Al\u00ed"},"content":{"rendered":"<p>\nLa leyenda del boxeo mundial de los pesos pesados Muhamad Al\u00ed quien antes de convertirse al Islam se llamaba Caissius Clay, falleci\u00f3 a la edad de 74 a\u00f1os, el pasado viernes 3 de junio, por problemas respiratorio, luego de sufrir el Mal de Parkinson por 32 a\u00f1os. <\/p>\n<p>La gloria en el boxeo de Muhamad Al\u00ed inicia en los Juegos Ol\u00edmpicos de Tokyo, Jap\u00f3n cuando gana la medalla de oro, para Estados Unidos en la divisi\u00f3n de los semipesados. <\/p>\n<p>Su r\u00e9cord amateur fue de 100 victorias con cinco derrotas. Afirm\u00f3 en su autobiograf\u00eda de 1975 que poco despu\u00e9s de su regreso de los Juegos Ol\u00edmpicos arroj\u00f3 su medalla de oro al r\u00edo Ohio despu\u00e9s de que a \u00e9l y a un amigo se le negara usar el servicio \u00absolo para blancos\u00bb de un restaurante, aunque despu\u00e9s declar\u00f3 que aunque se le neg\u00f3 el servicio en el restaurante, la medalla la perdi\u00f3 un a\u00f1o despu\u00e9s de ganarla. M\u00e1s tarde recibir\u00eda otra de reemplazo durante un intermedio de baloncesto en los Juegos Ol\u00edmpicos de 1996 en Atlanta. <\/p>\n<p>Clay derrot\u00f3 a Sonny Liston en combate de revancha, \u00a0para retener el t\u00edtulo de peso pesado en mayo de 1965 y a partir de ese momento comenz\u00f3 una carrera \u00fanica en la historia, luego de ese combate cre\u00f3 la frase m\u00e1s famosa del boxeo &ldquo;Soy el M\u00e1s Grande&rdquo;. <\/p>\n<p>Se convirti\u00f3 al Islam en ese mismo a\u00f1o y adopt\u00f3 el nombre de Muhammad Ali. En 1967 se neg\u00f3 a incorporarse al ej\u00e9rcito alegando ser musulm\u00e1n y por lo tanto objetor de conciencia. A Al\u00ed no le import\u00f3 exponerse a un castigo de cinco a\u00f1os de prisi\u00f3n y 10 mil d\u00f3lares de multa por negarse a servir en las Fuerzas Armadas. Acusado de desertor, las autoridades del boxeo declararon su t\u00edtulo vacante. <\/p>\n<p>Regres\u00f3 al ring en 1970, luego que el Tribunal Supremo de Los Estados Unidos revocara su condena, y gan\u00f3 dos peleas, pero perdi\u00f3 el combate por el t\u00edtulo contra  Joe Frazier , combate en el cual al finalizar ambos tuvieron que visitar el hospital para observaci\u00f3n, en marzo de 1971. <\/p>\n<p>Reapareci\u00f3 en 1974, venci\u00f3 a Frazier en enero y volvi\u00f3 a conquistar el t\u00edtulo de los pesos pesados al noquear al campe\u00f3n,  George Foreman , en octubre en Kinshasa, Zaire. <\/p>\n<p>Volvi\u00f3 a enfrentar a Frafier defendiendo su t\u00edtulo y lo venci\u00f3, en el decimocuarto asalto cuando la esquina\u00a0 no dej\u00f3 salir &ldquo;Al Tractor&rdquo; Frazier. <\/p>\n<p>Se retir\u00f3 del boxeo desde 1981, luego de dos derrotas consecutivas ante Larry Holmes y Trevor Berbick. \u00a0Ali hab\u00eda luchado contra la enfermedad de Parkinson desde 1984. <\/p>\n<p>\u00a0 <\/p>\n","protected":false},"excerpt":{"rendered":"<p>La leyenda del boxeo mundial de los pesos pesados Muhamad <a href=\"https:\/\/sertv.gob.pa\/nacionalfm\/fallece-el-mas-grande-del-boxeo-muhamad-ali\/\"> [&#8230;]<\/a><\/p>\n","protected":false},"author":1,"featured_media":13323,"comment_status":"closed","ping_status":"closed","sticky":false,"template":"","format":"standard","meta":{"footnotes":""},"categories":[4],"tags":[],"class_list":["post-13322","post","type-post","status-publish","format-standard","has-post-thumbnail","hentry","category-deportes"],"_links":{"self":[{"href":"https:\/\/sertv.gob.pa\/nacionalfm\/wp-json\/wp\/v2\/posts\/13322","targetHints":{"allow":["GET"]}}],"collection":[{"href":"https:\/\/sertv.gob.pa\/nacionalfm\/wp-json\/wp\/v2\/posts"}],"about":[{"href":"https:\/\/sertv.gob.pa\/nacionalfm\/wp-json\/wp\/v2\/types\/post"}],"author":[{"embeddable":true,"href":"https:\/\/sertv.gob.pa\/nacionalfm\/wp-json\/wp\/v2\/users\/1"}],"replies":[{"embeddable":true,"href":"https:\/\/sertv.gob.pa\/nacionalfm\/wp-json\/wp\/v2\/comments?post=13322"}],"version-history":[{"count":0,"href":"https:\/\/sertv.gob.pa\/nacionalfm\/wp-json\/wp\/v2\/posts\/13322\/revisions"}],"wp:featuredmedia":[{"embeddable":true,"href":"https:\/\/sertv.gob.pa\/nacionalfm\/wp-json\/wp\/v2\/media\/13323"}],"wp:attachment":[{"href":"https:\/\/sertv.gob.pa\/nacionalfm\/wp-json\/wp\/v2\/media?parent=13322"}],"wp:term":[{"taxonomy":"category","embeddable":true,"href":"https:\/\/sertv.gob.pa\/nacionalfm\/wp-json\/wp\/v2\/categories?post=13322"},{"taxonomy":"post_tag","embeddable":true,"href":"https:\/\/sertv.gob.pa\/nacionalfm\/wp-json\/wp\/v2\/tags?post=13322"}],"curies":[{"name":"wp","href":"https:\/\/api.w.org\/{rel}","templated":true}]}}