{"id":13338,"date":"2016-06-07T16:07:44","date_gmt":"2016-06-07T16:07:44","guid":{"rendered":""},"modified":"2016-06-07T16:07:44","modified_gmt":"2016-06-07T16:07:44","slug":"brote-de-leishmaniasis-se-expande-por-medio-oriente","status":"publish","type":"post","link":"https:\/\/sertv.gob.pa\/nacionalfm\/brote-de-leishmaniasis-se-expande-por-medio-oriente\/","title":{"rendered":"Brote de leishmaniasis se expande por Medio Oriente"},"content":{"rendered":"<p>\nEs una enfermedad que provoca lesiones en la piel y puede dejar cicatrices para toda la vida. <\/p>\n<p>La leishmaniasis cut\u00e1nea est\u00e1 asociada a un estigma social y se han reportado casos en casi todo el mundo, incluida Am\u00e9rica Latina. <\/p>\n<p>Pero ahora la crisis de refugiados de Siria ha provocado un brote \u00abcatastr\u00f3fico\u00bb del mal en pa\u00edses de Medio Oriente. <\/p>\n<p>Esta cruel enfermedad est\u00e1 afectando a cientos de miles de refugiados o personas atrapadas en zonas de conflicto, destaca un art\u00edculo publicado en la revista cient\u00edfica  Plos Neglected Tropical Diseases . <\/p>\n<p>La leishmaniasis es end\u00e9mica en Siria desde hace dos siglos (el primer caso se detect\u00f3 en 1745), pero hasta antes de la guerra estaba contenida en dos zonas alrededor de Alepo y Damasco. <\/p>\n<p>Ahora, \u00abel n\u00famero real de casos puede exceder los  100.000 al a\u00f1o\u00bb,  manifiestan los autores del art\u00edculo. <\/p>\n<p>Esto puede atribuirse al \u00abmasivo desplazamiento de la poblaci\u00f3n dentro del pa\u00eds y a la disrupci\u00f3n ecol\u00f3gica de los h\u00e1bitats de la mosca de la arena\u00bb, que es la que transmite el mal. <\/p>\n<p>\u00a0 <\/p>\n","protected":false},"excerpt":{"rendered":"<p>Es una enfermedad que provoca lesiones en la piel y <a href=\"https:\/\/sertv.gob.pa\/nacionalfm\/brote-de-leishmaniasis-se-expande-por-medio-oriente\/\"> [&#8230;]<\/a><\/p>\n","protected":false},"author":1,"featured_media":13339,"comment_status":"closed","ping_status":"closed","sticky":false,"template":"","format":"standard","meta":{"footnotes":""},"categories":[5],"tags":[],"class_list":["post-13338","post","type-post","status-publish","format-standard","has-post-thumbnail","hentry","category-salud"],"_links":{"self":[{"href":"https:\/\/sertv.gob.pa\/nacionalfm\/wp-json\/wp\/v2\/posts\/13338","targetHints":{"allow":["GET"]}}],"collection":[{"href":"https:\/\/sertv.gob.pa\/nacionalfm\/wp-json\/wp\/v2\/posts"}],"about":[{"href":"https:\/\/sertv.gob.pa\/nacionalfm\/wp-json\/wp\/v2\/types\/post"}],"author":[{"embeddable":true,"href":"https:\/\/sertv.gob.pa\/nacionalfm\/wp-json\/wp\/v2\/users\/1"}],"replies":[{"embeddable":true,"href":"https:\/\/sertv.gob.pa\/nacionalfm\/wp-json\/wp\/v2\/comments?post=13338"}],"version-history":[{"count":0,"href":"https:\/\/sertv.gob.pa\/nacionalfm\/wp-json\/wp\/v2\/posts\/13338\/revisions"}],"wp:featuredmedia":[{"embeddable":true,"href":"https:\/\/sertv.gob.pa\/nacionalfm\/wp-json\/wp\/v2\/media\/13339"}],"wp:attachment":[{"href":"https:\/\/sertv.gob.pa\/nacionalfm\/wp-json\/wp\/v2\/media?parent=13338"}],"wp:term":[{"taxonomy":"category","embeddable":true,"href":"https:\/\/sertv.gob.pa\/nacionalfm\/wp-json\/wp\/v2\/categories?post=13338"},{"taxonomy":"post_tag","embeddable":true,"href":"https:\/\/sertv.gob.pa\/nacionalfm\/wp-json\/wp\/v2\/tags?post=13338"}],"curies":[{"name":"wp","href":"https:\/\/api.w.org\/{rel}","templated":true}]}}