{"id":13370,"date":"2016-06-08T16:18:19","date_gmt":"2016-06-08T16:18:19","guid":{"rendered":""},"modified":"2016-06-08T16:18:19","modified_gmt":"2016-06-08T16:18:19","slug":"compuesto-del-te-verde-para-el-sindrome-de-down","status":"publish","type":"post","link":"https:\/\/sertv.gob.pa\/nacionalfm\/compuesto-del-te-verde-para-el-sindrome-de-down\/","title":{"rendered":"Compuesto del t\u00e9 verde para el s\u00edndrome de Down"},"content":{"rendered":"<p>\nUn compuesto del t\u00e9 verde logr\u00f3 mejorar las habilidades cognitivas en personas con s\u00edndrome de Down, seg\u00fan un experimento cl\u00ednico de un a\u00f1o efectuado por el Centro de Regulaci\u00f3n Gen\u00f3mica de Barcelona. <\/p>\n<p>El estudio, publicado en  The Lancet Neurology , mostr\u00f3 que el impacto positivo permaneci\u00f3 hasta seis meses luego de que acabase la prueba experimental. <\/p>\n<p>Esc\u00e1neres cerebrales revelaron que el componente del t\u00e9 verde, llamado epigalocatequina galato, altera la forma en la que las neuronas conectan unas con otras en el cerebro. <\/p>\n<p>\u00abEs la primera vez que un tratamiento demuestra eficacia en la mejora cognitiva de personas con este s\u00edndrome\u00bb, inform\u00f3 Mara Dierssen, autora principal del estudio y neurocient\u00edfica del centro. <\/p>\n<p>Aunque significante, agreg\u00f3, los resultados no deben interpretarse como una \u00abcura\u00bb. \u00abPero puede ser una herramienta para mejorar la calidad de vida de estas personas\u00bb. <\/p>\n<p>Expertos que no est\u00e1n involucrados en el estudio advirtieron que, a pesar de que sea \u00abfascinante\u00bb y una \u00abimportante pieza de trabajo\u00bb, los descubrimientos deben validarse con ensayos adicionales. <\/p>\n<p>\u00a0 <\/p>\n","protected":false},"excerpt":{"rendered":"<p>Un compuesto del t\u00e9 verde logr\u00f3 mejorar las habilidades cognitivas <a href=\"https:\/\/sertv.gob.pa\/nacionalfm\/compuesto-del-te-verde-para-el-sindrome-de-down\/\"> [&#8230;]<\/a><\/p>\n","protected":false},"author":1,"featured_media":13371,"comment_status":"closed","ping_status":"closed","sticky":false,"template":"","format":"standard","meta":{"footnotes":""},"categories":[5],"tags":[],"class_list":["post-13370","post","type-post","status-publish","format-standard","has-post-thumbnail","hentry","category-salud"],"_links":{"self":[{"href":"https:\/\/sertv.gob.pa\/nacionalfm\/wp-json\/wp\/v2\/posts\/13370","targetHints":{"allow":["GET"]}}],"collection":[{"href":"https:\/\/sertv.gob.pa\/nacionalfm\/wp-json\/wp\/v2\/posts"}],"about":[{"href":"https:\/\/sertv.gob.pa\/nacionalfm\/wp-json\/wp\/v2\/types\/post"}],"author":[{"embeddable":true,"href":"https:\/\/sertv.gob.pa\/nacionalfm\/wp-json\/wp\/v2\/users\/1"}],"replies":[{"embeddable":true,"href":"https:\/\/sertv.gob.pa\/nacionalfm\/wp-json\/wp\/v2\/comments?post=13370"}],"version-history":[{"count":0,"href":"https:\/\/sertv.gob.pa\/nacionalfm\/wp-json\/wp\/v2\/posts\/13370\/revisions"}],"wp:featuredmedia":[{"embeddable":true,"href":"https:\/\/sertv.gob.pa\/nacionalfm\/wp-json\/wp\/v2\/media\/13371"}],"wp:attachment":[{"href":"https:\/\/sertv.gob.pa\/nacionalfm\/wp-json\/wp\/v2\/media?parent=13370"}],"wp:term":[{"taxonomy":"category","embeddable":true,"href":"https:\/\/sertv.gob.pa\/nacionalfm\/wp-json\/wp\/v2\/categories?post=13370"},{"taxonomy":"post_tag","embeddable":true,"href":"https:\/\/sertv.gob.pa\/nacionalfm\/wp-json\/wp\/v2\/tags?post=13370"}],"curies":[{"name":"wp","href":"https:\/\/api.w.org\/{rel}","templated":true}]}}