{"id":13372,"date":"2016-06-08T16:25:00","date_gmt":"2016-06-08T16:25:00","guid":{"rendered":""},"modified":"2016-06-08T16:25:00","modified_gmt":"2016-06-08T16:25:00","slug":"primer-deceso-por-contagio-con-ah1n1-en-cocle-es-confirmado","status":"publish","type":"post","link":"https:\/\/sertv.gob.pa\/nacionalfm\/primer-deceso-por-contagio-con-ah1n1-en-cocle-es-confirmado\/","title":{"rendered":"Primer deceso por contagio con AH1N1 en Cocl\u00e9 es confirmado"},"content":{"rendered":"<p>\nEl primer fallecimiento \u00a0por el virus de la influenza AH1N1 en Cocl\u00e9, fue confirmado por el ministerio de Salud. <\/p>\n<p>Se trata de\u00a0hombre de 78 a\u00f1os que lleg\u00f3 el 31 de mayo al hospital Rafael Est\u00e9vez de Aguadulce con un cuadro grave,\u00a0desde la comunidad de Aguas Blancas de Penonom\u00e9, el cual que fue atendido, pero lamentablemente falleci\u00f3, seg\u00fan se\u00f1al\u00f3 Ana Mar\u00eda Martin, directora regional de Salud en Cocl\u00e9. <\/p>\n<p>A\u00f1adi\u00f3\u00a0 que luego de su muerte se le practicaron las pruebas de laboratorio cuyos resultados dieron positivo para el virus de la influenza A H1N1. <\/p>\n<p>La regional, adem\u00e1s, confirm\u00f3 otros dos casos positivos por el virus se registran en\u00a0una embarazada y un ni\u00f1o de un a\u00f1o procedentes de Ol\u00e1 y Barrios Unidos de Aguadulce, respectivamente, los cuales se hallan estables. <\/p>\n<p>\u00a0 <\/p>\n","protected":false},"excerpt":{"rendered":"<p>El primer fallecimiento \u00a0por el virus de la influenza AH1N1 <a href=\"https:\/\/sertv.gob.pa\/nacionalfm\/primer-deceso-por-contagio-con-ah1n1-en-cocle-es-confirmado\/\"> [&#8230;]<\/a><\/p>\n","protected":false},"author":1,"featured_media":13373,"comment_status":"closed","ping_status":"closed","sticky":false,"template":"","format":"standard","meta":{"footnotes":""},"categories":[5],"tags":[],"class_list":["post-13372","post","type-post","status-publish","format-standard","has-post-thumbnail","hentry","category-salud"],"_links":{"self":[{"href":"https:\/\/sertv.gob.pa\/nacionalfm\/wp-json\/wp\/v2\/posts\/13372","targetHints":{"allow":["GET"]}}],"collection":[{"href":"https:\/\/sertv.gob.pa\/nacionalfm\/wp-json\/wp\/v2\/posts"}],"about":[{"href":"https:\/\/sertv.gob.pa\/nacionalfm\/wp-json\/wp\/v2\/types\/post"}],"author":[{"embeddable":true,"href":"https:\/\/sertv.gob.pa\/nacionalfm\/wp-json\/wp\/v2\/users\/1"}],"replies":[{"embeddable":true,"href":"https:\/\/sertv.gob.pa\/nacionalfm\/wp-json\/wp\/v2\/comments?post=13372"}],"version-history":[{"count":0,"href":"https:\/\/sertv.gob.pa\/nacionalfm\/wp-json\/wp\/v2\/posts\/13372\/revisions"}],"wp:featuredmedia":[{"embeddable":true,"href":"https:\/\/sertv.gob.pa\/nacionalfm\/wp-json\/wp\/v2\/media\/13373"}],"wp:attachment":[{"href":"https:\/\/sertv.gob.pa\/nacionalfm\/wp-json\/wp\/v2\/media?parent=13372"}],"wp:term":[{"taxonomy":"category","embeddable":true,"href":"https:\/\/sertv.gob.pa\/nacionalfm\/wp-json\/wp\/v2\/categories?post=13372"},{"taxonomy":"post_tag","embeddable":true,"href":"https:\/\/sertv.gob.pa\/nacionalfm\/wp-json\/wp\/v2\/tags?post=13372"}],"curies":[{"name":"wp","href":"https:\/\/api.w.org\/{rel}","templated":true}]}}