{"id":13378,"date":"2016-06-08T17:27:38","date_gmt":"2016-06-08T17:27:38","guid":{"rendered":""},"modified":"2016-06-08T17:27:38","modified_gmt":"2016-06-08T17:27:38","slug":"instalan-nuevo-tabloncillo-de-baloncesto-en-el-roberto-duran","status":"publish","type":"post","link":"https:\/\/sertv.gob.pa\/nacionalfm\/instalan-nuevo-tabloncillo-de-baloncesto-en-el-roberto-duran\/","title":{"rendered":"Instalan nuevo tabloncillo de baloncesto en el Roberto Dur\u00e1n"},"content":{"rendered":"<p>\n Con miras a la celebraci\u00f3n del XXV Campeonato Centroamericano y del Caribe de Baloncesto que se disputar\u00e1 en Panam\u00e1 del 19 al 25 de junio, con la participaci\u00f3n de nueve quintetos de la reuni\u00f3n, el Instituto Paname\u00f1o de Deportes, instal\u00f3 el nuevo tabloncillo y modernos tableros digitales de anotaci\u00f3n y marcaci\u00f3n en la Arena Roberto Dur\u00e1n.  <\/p>\n<p> Tanto el tabloncillo y los tableros, fueron fabricados y son instalados por la empresa italiana Mondo, especialistas a nivel mundial en estos equipos, con experiencia en el baloncesto de juegos ol\u00edmpicos y campeonatos mundiales, adem\u00e1s de pistas sint\u00e9ticas de atletismo y f\u00fatbol.  <\/p>\n<p> El tabloncillo que ya se encuentra colocado en la Arena Roberto Dur\u00e1n \u00a0est\u00e1 en la etapa del acabado final con pintura del barniz, para proceder posteriormente a la colocaci\u00f3n de los diferentes logos, que se realizan bajo la coordinaci\u00f3n de la Federaci\u00f3n Paname\u00f1a de Baloncesto (Fepaba) y la filial del continente americano de la Federaci\u00f3n Internacional de Baloncesto (Fiba-Am\u00e9rica), organizadores del evento cestero, que cuenta con el respaldo del Instituto Paname\u00f1o de Deportes.  <\/p>\n<p> El CENTROBASKET \u00a0contar\u00e1 con la participaci\u00f3n de las representaciones de Antigua y Bermuda, Bahamas, Costa Rica, Cuba, Islas V\u00edrgenes, M\u00e9xico, Nicaragua, Puerto Rico, Rep\u00fablica Dominicana y Panam\u00e1 y \u00a0\u00a0repartir\u00e1 cinco cupos para el clasificatorio al mundial de Fiba-Am\u00e9rica del 2017.  <\/p>\n","protected":false},"excerpt":{"rendered":"<p>Con miras a la celebraci\u00f3n del XXV Campeonato Centroamericano y <a href=\"https:\/\/sertv.gob.pa\/nacionalfm\/instalan-nuevo-tabloncillo-de-baloncesto-en-el-roberto-duran\/\"> [&#8230;]<\/a><\/p>\n","protected":false},"author":1,"featured_media":13379,"comment_status":"closed","ping_status":"closed","sticky":false,"template":"","format":"standard","meta":{"footnotes":""},"categories":[4],"tags":[],"class_list":["post-13378","post","type-post","status-publish","format-standard","has-post-thumbnail","hentry","category-deportes"],"_links":{"self":[{"href":"https:\/\/sertv.gob.pa\/nacionalfm\/wp-json\/wp\/v2\/posts\/13378","targetHints":{"allow":["GET"]}}],"collection":[{"href":"https:\/\/sertv.gob.pa\/nacionalfm\/wp-json\/wp\/v2\/posts"}],"about":[{"href":"https:\/\/sertv.gob.pa\/nacionalfm\/wp-json\/wp\/v2\/types\/post"}],"author":[{"embeddable":true,"href":"https:\/\/sertv.gob.pa\/nacionalfm\/wp-json\/wp\/v2\/users\/1"}],"replies":[{"embeddable":true,"href":"https:\/\/sertv.gob.pa\/nacionalfm\/wp-json\/wp\/v2\/comments?post=13378"}],"version-history":[{"count":0,"href":"https:\/\/sertv.gob.pa\/nacionalfm\/wp-json\/wp\/v2\/posts\/13378\/revisions"}],"wp:featuredmedia":[{"embeddable":true,"href":"https:\/\/sertv.gob.pa\/nacionalfm\/wp-json\/wp\/v2\/media\/13379"}],"wp:attachment":[{"href":"https:\/\/sertv.gob.pa\/nacionalfm\/wp-json\/wp\/v2\/media?parent=13378"}],"wp:term":[{"taxonomy":"category","embeddable":true,"href":"https:\/\/sertv.gob.pa\/nacionalfm\/wp-json\/wp\/v2\/categories?post=13378"},{"taxonomy":"post_tag","embeddable":true,"href":"https:\/\/sertv.gob.pa\/nacionalfm\/wp-json\/wp\/v2\/tags?post=13378"}],"curies":[{"name":"wp","href":"https:\/\/api.w.org\/{rel}","templated":true}]}}