{"id":13406,"date":"2016-06-09T15:56:54","date_gmt":"2016-06-09T15:56:54","guid":{"rendered":""},"modified":"2016-06-09T15:56:54","modified_gmt":"2016-06-09T15:56:54","slug":"4-mil-891-vacunas-contra-la-influenza-se-aplicaron-en-panama-oeste","status":"publish","type":"post","link":"https:\/\/sertv.gob.pa\/nacionalfm\/4-mil-891-vacunas-contra-la-influenza-se-aplicaron-en-panama-oeste\/","title":{"rendered":"4 mil 891 vacunas contra la influenza se aplicaron en Panam\u00e1 Oeste"},"content":{"rendered":"<p>\nLas instalaciones de la Caja de Seguro Social (CSS) en la provincia de Panam\u00e1 Oeste reportan, hasta ayer mi\u00e9rcoles 8 de junio, \u00a0la aplicaci\u00f3n de un aproximado de 4 mil 891 vacunas contra la influenza. <\/p>\n<p>Las dosis est\u00e1n siendo aplicadas a los menores de cinco a\u00f1os, mayores de 60 a\u00f1os, embarazadas y pacientes con enfermedades cr\u00f3nicas. <\/p>\n<p>En la policl\u00ednica Santiago Barraza, de La Chorrera, la cifra de vacunas aplicadas asciende a mil 699, mientras que en la policl\u00ednica Blas G\u00f3mez Chetro de Arraij\u00e1n la cifra es de mil 269, siendo las dos instalaciones de la CSS con mayor n\u00famero de inmunizados. <\/p>\n<p>Mientras que en la Unidad Local de Atenci\u00f3n Primaria (ULAP) de Capira se han aplicado 286 vacunas. <\/p>\n<p>En tanto,\u00a0\u00a0mil 300 se aplicaron en la ULAP de San Jos\u00e9 y la policl\u00ednica Juan Vega M\u00e9ndez, del distrito de San Carlos. <\/p>\n<p>\u00a0 <\/p>\n","protected":false},"excerpt":{"rendered":"<p>Las instalaciones de la Caja de Seguro Social (CSS) en <a href=\"https:\/\/sertv.gob.pa\/nacionalfm\/4-mil-891-vacunas-contra-la-influenza-se-aplicaron-en-panama-oeste\/\"> [&#8230;]<\/a><\/p>\n","protected":false},"author":1,"featured_media":13407,"comment_status":"closed","ping_status":"closed","sticky":false,"template":"","format":"standard","meta":{"footnotes":""},"categories":[5],"tags":[],"class_list":["post-13406","post","type-post","status-publish","format-standard","has-post-thumbnail","hentry","category-salud"],"_links":{"self":[{"href":"https:\/\/sertv.gob.pa\/nacionalfm\/wp-json\/wp\/v2\/posts\/13406","targetHints":{"allow":["GET"]}}],"collection":[{"href":"https:\/\/sertv.gob.pa\/nacionalfm\/wp-json\/wp\/v2\/posts"}],"about":[{"href":"https:\/\/sertv.gob.pa\/nacionalfm\/wp-json\/wp\/v2\/types\/post"}],"author":[{"embeddable":true,"href":"https:\/\/sertv.gob.pa\/nacionalfm\/wp-json\/wp\/v2\/users\/1"}],"replies":[{"embeddable":true,"href":"https:\/\/sertv.gob.pa\/nacionalfm\/wp-json\/wp\/v2\/comments?post=13406"}],"version-history":[{"count":0,"href":"https:\/\/sertv.gob.pa\/nacionalfm\/wp-json\/wp\/v2\/posts\/13406\/revisions"}],"wp:featuredmedia":[{"embeddable":true,"href":"https:\/\/sertv.gob.pa\/nacionalfm\/wp-json\/wp\/v2\/media\/13407"}],"wp:attachment":[{"href":"https:\/\/sertv.gob.pa\/nacionalfm\/wp-json\/wp\/v2\/media?parent=13406"}],"wp:term":[{"taxonomy":"category","embeddable":true,"href":"https:\/\/sertv.gob.pa\/nacionalfm\/wp-json\/wp\/v2\/categories?post=13406"},{"taxonomy":"post_tag","embeddable":true,"href":"https:\/\/sertv.gob.pa\/nacionalfm\/wp-json\/wp\/v2\/tags?post=13406"}],"curies":[{"name":"wp","href":"https:\/\/api.w.org\/{rel}","templated":true}]}}