{"id":13424,"date":"2016-06-10T14:35:24","date_gmt":"2016-06-10T14:35:24","guid":{"rendered":""},"modified":"2016-06-10T14:35:24","modified_gmt":"2016-06-10T14:35:24","slug":"en-campeonato-centroamericano-se-miden-deliser-y-edwards","status":"publish","type":"post","link":"https:\/\/sertv.gob.pa\/nacionalfm\/en-campeonato-centroamericano-se-miden-deliser-y-edwards\/","title":{"rendered":"En campeonato Centroamericano se miden Deliser y Edwards"},"content":{"rendered":"<p>\nEn el pr\u00f3ximo Campeonato Mayor de Atletismo Centroamericano 2016, en San Salvador se enfrentar\u00e1n entre s\u00ed los velocistas paname\u00f1os, Arturo Deliser y Mateo Edwards en los 100 y 200 metros. <\/p>\n<p>Panam\u00e1 participar\u00e1 con 18 atletas, 11 masculinos y 7 femeninos, entre ellos estar\u00e1n presentes Juan Mosquera y Joel Lynch, quienes conforman el equipo de relevos de 4 x 100.\u00a0 <\/p>\n<p>Arturo Deliser y Mateo Edwards son los velocistas\u00a0 que se enfrentar\u00e1n entre s\u00ed en los 100\u00a0 y 200 metros. \u00a0\u00a0\u00a0Ellos \u00a0dos junto a\u00a0 \u00a0Juan Mosquera\u00a0 y Joel Lynch conforman\u00a0 el equipo\u00a0 de\u00a0 relevos de 4 x 100. <\/p>\n<p>Elmer Ortiz, Presidente de\u00a0 la federaci\u00f3n, \u00a0se\u00f1ala que ha recibido apoyo\u00a0 de Pan Deportes y del Comit\u00e9 Ol\u00edmpico de Panam\u00e1, \u00a0\u00a0para que estos atletas viajen\u00a0 el 16 de junio\u00a0 y comiencen a competir el\u00a0 17 en la capital\u00a0 salvadore\u00f1a. <\/p>\n<p>En la delegaci\u00f3n reaparece la saltador Kashani Ri\u00f3n y\u00a0 \u00a0Aixa Middleton que lanzar\u00e1n bala y disco. \u00a0\u00a0\u00a0Woodruff, Aranda, Archibold y Hunt\u00a0\u00a0 conforman la cuarteta femenina de los 4 x 100. <\/p>\n<p>\u00a0 <\/p>\n","protected":false},"excerpt":{"rendered":"<p>En el pr\u00f3ximo Campeonato Mayor de Atletismo Centroamericano 2016, en <a href=\"https:\/\/sertv.gob.pa\/nacionalfm\/en-campeonato-centroamericano-se-miden-deliser-y-edwards\/\"> [&#8230;]<\/a><\/p>\n","protected":false},"author":1,"featured_media":13425,"comment_status":"closed","ping_status":"closed","sticky":false,"template":"","format":"standard","meta":{"footnotes":""},"categories":[4],"tags":[],"class_list":["post-13424","post","type-post","status-publish","format-standard","has-post-thumbnail","hentry","category-deportes"],"_links":{"self":[{"href":"https:\/\/sertv.gob.pa\/nacionalfm\/wp-json\/wp\/v2\/posts\/13424","targetHints":{"allow":["GET"]}}],"collection":[{"href":"https:\/\/sertv.gob.pa\/nacionalfm\/wp-json\/wp\/v2\/posts"}],"about":[{"href":"https:\/\/sertv.gob.pa\/nacionalfm\/wp-json\/wp\/v2\/types\/post"}],"author":[{"embeddable":true,"href":"https:\/\/sertv.gob.pa\/nacionalfm\/wp-json\/wp\/v2\/users\/1"}],"replies":[{"embeddable":true,"href":"https:\/\/sertv.gob.pa\/nacionalfm\/wp-json\/wp\/v2\/comments?post=13424"}],"version-history":[{"count":0,"href":"https:\/\/sertv.gob.pa\/nacionalfm\/wp-json\/wp\/v2\/posts\/13424\/revisions"}],"wp:featuredmedia":[{"embeddable":true,"href":"https:\/\/sertv.gob.pa\/nacionalfm\/wp-json\/wp\/v2\/media\/13425"}],"wp:attachment":[{"href":"https:\/\/sertv.gob.pa\/nacionalfm\/wp-json\/wp\/v2\/media?parent=13424"}],"wp:term":[{"taxonomy":"category","embeddable":true,"href":"https:\/\/sertv.gob.pa\/nacionalfm\/wp-json\/wp\/v2\/categories?post=13424"},{"taxonomy":"post_tag","embeddable":true,"href":"https:\/\/sertv.gob.pa\/nacionalfm\/wp-json\/wp\/v2\/tags?post=13424"}],"curies":[{"name":"wp","href":"https:\/\/api.w.org\/{rel}","templated":true}]}}