{"id":13440,"date":"2016-06-10T19:09:32","date_gmt":"2016-06-10T19:09:32","guid":{"rendered":""},"modified":"2016-06-10T19:09:32","modified_gmt":"2016-06-10T19:09:32","slug":"por-empaquetado-neutro-de-cigarrillo-aboga-panama","status":"publish","type":"post","link":"https:\/\/sertv.gob.pa\/nacionalfm\/por-empaquetado-neutro-de-cigarrillo-aboga-panama\/","title":{"rendered":"Por empaquetado neutro de cigarrillo aboga Panam\u00e1"},"content":{"rendered":"<p>\nEl control del efecto nocivo del  tabaco  fue uno de los temas abordados en la reciente Asamblea Mundial de la Salud, que celebr\u00f3 en d\u00edas pasados su 69 versi\u00f3n. <\/p>\n<p>En la misma, se retomaron aspectos presentes en el  Convenio Marco de la Organizaci\u00f3n Mundial de la Salud \u00a0(OMS) para el Control del Tabaco,\u00a0que surgi\u00f3 para frenar la  epidemia del tabaco . <\/p>\n<p>Para disminuir el n\u00famero de fumadores, el lema que la OMS estableci\u00f3 para el D\u00eda Mundial Sin Tabaco 2016 fue &ldquo; Prep\u00e1rate para el empaquetado neutro &rdquo;, con la idea de que cada pa\u00eds \u00a0restringa el uso de los paquetes de tabaco &ldquo;como soportes para publicitar y promover&rdquo; los productos derivados del tabaco. <\/p>\n<p>El empaquetado neutro proh\u00edbe el uso de logotipos, im\u00e1genes de marca, colores o informaci\u00f3n promocional, y aumenta la eficacia de advertencias sanitarias con pictogramas, seg\u00fan la OMS. <\/p>\n<p>N\u00e9lyda Gligo, presidenta de la  Coalici\u00f3n Paname\u00f1a contra el Tabaquismo , explica que con el proyecto de ley 136 &mdash;que establece disposiciones relacionadas con el contenido y divulgaci\u00f3n de informaci\u00f3n sobre los productos derivados del tabaco y modifica la Ley 13 de 24 de enero de 2008&mdash; se planea cambiar el empaquetado que hay actualmente por el neutro o el mate. <\/p>\n<p>&ldquo;Mi opini\u00f3n es que con la medida del empaquetado gen\u00e9rico que est\u00e1 promoviendo la OMS se reducir\u00e1 la venta en un 50% aproximadamente. Para m\u00ed, el empaquetado deber\u00eda ser negro o gris, y no blanco porque el color blanco contiene todos los colores del espectro&rdquo;, indica Gligo. <\/p>\n<p>El proyecto de ley propone que el color de las cajetillas sea  gris mate oscuro  y que la marca sea presentada en letra Arial blanca, tama\u00f1o 20, resaltada en negrita. <\/p>\n<p>El consumo de productos de tabaco causa adicci\u00f3n, da\u00f1os irreversibles en los cerebros de ni\u00f1os y adolescentes expuestos al humo del tabaco, as\u00ed como problemas cardiovasculares a corto plazo, infarto al miocardio, enfermedades pulmonares, etc. Igualmente, contribuye a la impotencia sexual y eleva el riesgo de c\u00e1ncer. <\/p>\n<p>Panam\u00e1 ocupa el segundo lugar en tener la prevalencia m\u00e1s baja del mundo del consumo, ya que solo el 6.4% de los adultos en el istmo fuma. <\/p>\n<p>\u00a0 <\/p>\n","protected":false},"excerpt":{"rendered":"<p>El control del efecto nocivo del tabaco fue uno de <a href=\"https:\/\/sertv.gob.pa\/nacionalfm\/por-empaquetado-neutro-de-cigarrillo-aboga-panama\/\"> [&#8230;]<\/a><\/p>\n","protected":false},"author":1,"featured_media":13441,"comment_status":"closed","ping_status":"closed","sticky":false,"template":"","format":"standard","meta":{"footnotes":""},"categories":[5],"tags":[],"class_list":["post-13440","post","type-post","status-publish","format-standard","has-post-thumbnail","hentry","category-salud"],"_links":{"self":[{"href":"https:\/\/sertv.gob.pa\/nacionalfm\/wp-json\/wp\/v2\/posts\/13440","targetHints":{"allow":["GET"]}}],"collection":[{"href":"https:\/\/sertv.gob.pa\/nacionalfm\/wp-json\/wp\/v2\/posts"}],"about":[{"href":"https:\/\/sertv.gob.pa\/nacionalfm\/wp-json\/wp\/v2\/types\/post"}],"author":[{"embeddable":true,"href":"https:\/\/sertv.gob.pa\/nacionalfm\/wp-json\/wp\/v2\/users\/1"}],"replies":[{"embeddable":true,"href":"https:\/\/sertv.gob.pa\/nacionalfm\/wp-json\/wp\/v2\/comments?post=13440"}],"version-history":[{"count":0,"href":"https:\/\/sertv.gob.pa\/nacionalfm\/wp-json\/wp\/v2\/posts\/13440\/revisions"}],"wp:featuredmedia":[{"embeddable":true,"href":"https:\/\/sertv.gob.pa\/nacionalfm\/wp-json\/wp\/v2\/media\/13441"}],"wp:attachment":[{"href":"https:\/\/sertv.gob.pa\/nacionalfm\/wp-json\/wp\/v2\/media?parent=13440"}],"wp:term":[{"taxonomy":"category","embeddable":true,"href":"https:\/\/sertv.gob.pa\/nacionalfm\/wp-json\/wp\/v2\/categories?post=13440"},{"taxonomy":"post_tag","embeddable":true,"href":"https:\/\/sertv.gob.pa\/nacionalfm\/wp-json\/wp\/v2\/tags?post=13440"}],"curies":[{"name":"wp","href":"https:\/\/api.w.org\/{rel}","templated":true}]}}