{"id":13442,"date":"2016-06-10T19:16:35","date_gmt":"2016-06-10T19:16:35","guid":{"rendered":""},"modified":"2016-06-10T19:16:35","modified_gmt":"2016-06-10T19:16:35","slug":"las-muertes-por-a-h1n1-en-panama-aumentan-a-12","status":"publish","type":"post","link":"https:\/\/sertv.gob.pa\/nacionalfm\/las-muertes-por-a-h1n1-en-panama-aumentan-a-12\/","title":{"rendered":"Las muertes por A (H1N1) en Panam\u00e1 aumentan a 12"},"content":{"rendered":"<p>\nEl virus de \u00a0influenza A (H1N1) ha ocasionado ya 12 \u00a0v\u00edctimas confirmadas por el Ministerio de Salud (Minsa). Los dos \u00faltimos decesos, de los que dio informe hoy la directora general de Salud, Itza Barahona de Mosca, \u00a0corresponden a la regi\u00f3n metropolitana y Panam\u00e1 Oeste. <\/p>\n<p>Entre las defunciones, cinco casos corresponden a la regi\u00f3n metropolitana, cuatro al distrito de San Miguelito, y en las provincias de Col\u00f3n, Cocl\u00e9 y Panam\u00e1 Oeste, un caso en cada una. <\/p>\n<p>De las v\u00edctimas, cinco son mujeres y siete son hombres, inform\u00f3 la \u00a0directora general de Salud.\u00a0 <\/p>\n<p>De igual forma, el n\u00famero de \u00a0infectados por influenza sigue aumentando. \u00a0El \u00faltimo reporte del Minsa, hoy, \u00a0se\u00f1ala que se cuentan 547 casos. Solo ayer la instituci\u00f3n contabiliz\u00f3 379 casos. <\/p>\n<p>Las autoridades de Salud reiteraron a la poblaci\u00f3n que, en lo que resta del mes de junio, los Centro de Salud y Policl\u00ednicas del pa\u00eds se mantendr\u00e1n abiertos los fines de semanas, \u00a0en horario de 7:00 am a 3:00 pm., \u00a0para vacunar a las personas vulnerables, los menores de 5 a\u00f1os de edad, mujeres embarazadas, adultos mayores de 60 a\u00f1os y pacientes con enfermedades cr\u00f3nicas. <\/p>\n<p>Hasta el momento se han colocado 700 mil vacunas en el pa\u00eds. <\/p>\n<p>\u00a0 <\/p>\n","protected":false},"excerpt":{"rendered":"<p>El virus de \u00a0influenza A (H1N1) ha ocasionado ya 12 <a href=\"https:\/\/sertv.gob.pa\/nacionalfm\/las-muertes-por-a-h1n1-en-panama-aumentan-a-12\/\"> [&#8230;]<\/a><\/p>\n","protected":false},"author":1,"featured_media":13443,"comment_status":"closed","ping_status":"closed","sticky":false,"template":"","format":"standard","meta":{"footnotes":""},"categories":[5],"tags":[],"class_list":["post-13442","post","type-post","status-publish","format-standard","has-post-thumbnail","hentry","category-salud"],"_links":{"self":[{"href":"https:\/\/sertv.gob.pa\/nacionalfm\/wp-json\/wp\/v2\/posts\/13442","targetHints":{"allow":["GET"]}}],"collection":[{"href":"https:\/\/sertv.gob.pa\/nacionalfm\/wp-json\/wp\/v2\/posts"}],"about":[{"href":"https:\/\/sertv.gob.pa\/nacionalfm\/wp-json\/wp\/v2\/types\/post"}],"author":[{"embeddable":true,"href":"https:\/\/sertv.gob.pa\/nacionalfm\/wp-json\/wp\/v2\/users\/1"}],"replies":[{"embeddable":true,"href":"https:\/\/sertv.gob.pa\/nacionalfm\/wp-json\/wp\/v2\/comments?post=13442"}],"version-history":[{"count":0,"href":"https:\/\/sertv.gob.pa\/nacionalfm\/wp-json\/wp\/v2\/posts\/13442\/revisions"}],"wp:featuredmedia":[{"embeddable":true,"href":"https:\/\/sertv.gob.pa\/nacionalfm\/wp-json\/wp\/v2\/media\/13443"}],"wp:attachment":[{"href":"https:\/\/sertv.gob.pa\/nacionalfm\/wp-json\/wp\/v2\/media?parent=13442"}],"wp:term":[{"taxonomy":"category","embeddable":true,"href":"https:\/\/sertv.gob.pa\/nacionalfm\/wp-json\/wp\/v2\/categories?post=13442"},{"taxonomy":"post_tag","embeddable":true,"href":"https:\/\/sertv.gob.pa\/nacionalfm\/wp-json\/wp\/v2\/tags?post=13442"}],"curies":[{"name":"wp","href":"https:\/\/api.w.org\/{rel}","templated":true}]}}