{"id":1345,"date":"2014-08-29T05:00:00","date_gmt":"2014-08-29T05:00:00","guid":{"rendered":""},"modified":"2014-08-29T05:00:00","modified_gmt":"2014-08-29T05:00:00","slug":"casos-de-ebola-podrian-alcanzar-los-20-000","status":"publish","type":"post","link":"https:\/\/sertv.gob.pa\/nacionalfm\/casos-de-ebola-podrian-alcanzar-los-20-000\/","title":{"rendered":"Casos de \u00e9bola podr\u00edan alcanzar los 20,000"},"content":{"rendered":"<p>\nRepresentantes de la Organizaci\u00f3n Mundial de la Salud (OMS) manifestaron que el brote de \u00e9bola en \u00c1frica Occidental sigue aceler\u00e1ndose y podr\u00eda llegar a superar los 20,000 casos, seis veces m\u00e1s que ahora. <\/p>\n<p>Un nuevo estudio efectuado por la agencia de salud de las Naciones Unidas tambi\u00e9n asume que en muchas de las zonas m\u00e1s afectadas el n\u00famero real de casos podr\u00eda ser de dos a cuatro veces mayor de lo que se informa en la actualidad. <\/p>\n<p>La agencia public\u00f3 las cifras nuevas, seg\u00fan las cuales 1,552 personas han fallecido por el virus del \u00e9bola entre los 3,069 casos reportados hasta el momento en Liberia, Sierra Leona, Guinea y Nigeria. <\/p>\n<p>El 40% de los casos se produjeron en las \u00faltimas tres semanas, lo cual indica que &ldquo;el brote sigue aceler\u00e1ndose&rdquo;. <\/p>\n<p>En Ginebra, la OMS dio a conocer un plan que apunta a detener la transmisi\u00f3n del \u00e9bola en los pa\u00edses afectados en seis a nueve meses e impedir que se extienda a otros pa\u00edses.\u00a0 @nacionalFm <\/p>\n<p>\u00a0 <\/p>\n","protected":false},"excerpt":{"rendered":"<p>Representantes de la Organizaci\u00f3n Mundial de la Salud (OMS) manifestaron <a href=\"https:\/\/sertv.gob.pa\/nacionalfm\/casos-de-ebola-podrian-alcanzar-los-20-000\/\"> [&#8230;]<\/a><\/p>\n","protected":false},"author":1,"featured_media":1346,"comment_status":"closed","ping_status":"closed","sticky":false,"template":"","format":"standard","meta":{"footnotes":""},"categories":[5],"tags":[],"class_list":["post-1345","post","type-post","status-publish","format-standard","has-post-thumbnail","hentry","category-salud"],"_links":{"self":[{"href":"https:\/\/sertv.gob.pa\/nacionalfm\/wp-json\/wp\/v2\/posts\/1345","targetHints":{"allow":["GET"]}}],"collection":[{"href":"https:\/\/sertv.gob.pa\/nacionalfm\/wp-json\/wp\/v2\/posts"}],"about":[{"href":"https:\/\/sertv.gob.pa\/nacionalfm\/wp-json\/wp\/v2\/types\/post"}],"author":[{"embeddable":true,"href":"https:\/\/sertv.gob.pa\/nacionalfm\/wp-json\/wp\/v2\/users\/1"}],"replies":[{"embeddable":true,"href":"https:\/\/sertv.gob.pa\/nacionalfm\/wp-json\/wp\/v2\/comments?post=1345"}],"version-history":[{"count":0,"href":"https:\/\/sertv.gob.pa\/nacionalfm\/wp-json\/wp\/v2\/posts\/1345\/revisions"}],"wp:featuredmedia":[{"embeddable":true,"href":"https:\/\/sertv.gob.pa\/nacionalfm\/wp-json\/wp\/v2\/media\/1346"}],"wp:attachment":[{"href":"https:\/\/sertv.gob.pa\/nacionalfm\/wp-json\/wp\/v2\/media?parent=1345"}],"wp:term":[{"taxonomy":"category","embeddable":true,"href":"https:\/\/sertv.gob.pa\/nacionalfm\/wp-json\/wp\/v2\/categories?post=1345"},{"taxonomy":"post_tag","embeddable":true,"href":"https:\/\/sertv.gob.pa\/nacionalfm\/wp-json\/wp\/v2\/tags?post=1345"}],"curies":[{"name":"wp","href":"https:\/\/api.w.org\/{rel}","templated":true}]}}