{"id":13466,"date":"2016-06-13T17:26:27","date_gmt":"2016-06-13T17:26:27","guid":{"rendered":""},"modified":"2016-06-13T17:26:27","modified_gmt":"2016-06-13T17:26:27","slug":"al-fin-hilario-zapata-inmortalizado-en-salon-de-la-fama-de-canastota","status":"publish","type":"post","link":"https:\/\/sertv.gob.pa\/nacionalfm\/al-fin-hilario-zapata-inmortalizado-en-salon-de-la-fama-de-canastota\/","title":{"rendered":"Al fin, Hilario Zapata inmortalizado en Sal\u00f3n de la Fama de Canastota"},"content":{"rendered":"<p>\nLuego de una larga espera de 17 a\u00f1os, el ex tres veces campe\u00f3n mundial, dos en los minimoscas del Consejo Mundial de Boxeo y una en los pesos moscas de la Asociaci\u00f3n Mundial de Boxeo, Hilario &ldquo;Buj\u00eda&rdquo; Zapata fue exaltado al Sal\u00f3n de la Fama, de Canastota, New York, Estados Unidos. <\/p>\n<p>Junto a Hilario Zapata entraron al Hall de la Fama de Canastota, el desaparecido boxeador norteamericano, de origen puertorrique\u00f1o H\u00e9ctor &ldquo;El Macho&rdquo; Camacho y el excampe\u00f3n gallo de M\u00e9xico Guadalupe &ldquo;Lupe&rdquo; Pintor. <\/p>\n<p>Zapata estuvo acompa\u00f1ado de su esposa, dos de sus hijos, y el Embajador Deportivo de Panam\u00e1 Roberto &ldquo;Mano de Piedra&rdquo; Dur\u00e1n, el acto de exaltaci\u00f3n fue transmitido por Sertv y Nacional FM. <\/p>\n<p>\u00a0 <\/p>\n","protected":false},"excerpt":{"rendered":"<p>Luego de una larga espera de 17 a\u00f1os, el ex <a href=\"https:\/\/sertv.gob.pa\/nacionalfm\/al-fin-hilario-zapata-inmortalizado-en-salon-de-la-fama-de-canastota\/\"> [&#8230;]<\/a><\/p>\n","protected":false},"author":1,"featured_media":13467,"comment_status":"closed","ping_status":"closed","sticky":false,"template":"","format":"standard","meta":{"footnotes":""},"categories":[4],"tags":[],"class_list":["post-13466","post","type-post","status-publish","format-standard","has-post-thumbnail","hentry","category-deportes"],"_links":{"self":[{"href":"https:\/\/sertv.gob.pa\/nacionalfm\/wp-json\/wp\/v2\/posts\/13466","targetHints":{"allow":["GET"]}}],"collection":[{"href":"https:\/\/sertv.gob.pa\/nacionalfm\/wp-json\/wp\/v2\/posts"}],"about":[{"href":"https:\/\/sertv.gob.pa\/nacionalfm\/wp-json\/wp\/v2\/types\/post"}],"author":[{"embeddable":true,"href":"https:\/\/sertv.gob.pa\/nacionalfm\/wp-json\/wp\/v2\/users\/1"}],"replies":[{"embeddable":true,"href":"https:\/\/sertv.gob.pa\/nacionalfm\/wp-json\/wp\/v2\/comments?post=13466"}],"version-history":[{"count":0,"href":"https:\/\/sertv.gob.pa\/nacionalfm\/wp-json\/wp\/v2\/posts\/13466\/revisions"}],"wp:featuredmedia":[{"embeddable":true,"href":"https:\/\/sertv.gob.pa\/nacionalfm\/wp-json\/wp\/v2\/media\/13467"}],"wp:attachment":[{"href":"https:\/\/sertv.gob.pa\/nacionalfm\/wp-json\/wp\/v2\/media?parent=13466"}],"wp:term":[{"taxonomy":"category","embeddable":true,"href":"https:\/\/sertv.gob.pa\/nacionalfm\/wp-json\/wp\/v2\/categories?post=13466"},{"taxonomy":"post_tag","embeddable":true,"href":"https:\/\/sertv.gob.pa\/nacionalfm\/wp-json\/wp\/v2\/tags?post=13466"}],"curies":[{"name":"wp","href":"https:\/\/api.w.org\/{rel}","templated":true}]}}