{"id":13478,"date":"2016-06-13T19:20:36","date_gmt":"2016-06-13T19:20:36","guid":{"rendered":""},"modified":"2016-06-13T19:20:36","modified_gmt":"2016-06-13T19:20:36","slug":"trece-fallecidos-por-influenza-a-h1n1-confirma-ministro-de-salud","status":"publish","type":"post","link":"https:\/\/sertv.gob.pa\/nacionalfm\/trece-fallecidos-por-influenza-a-h1n1-confirma-ministro-de-salud\/","title":{"rendered":"Trece fallecidos por influenza A (H1N1), confirma ministro de Salud"},"content":{"rendered":"<p>\nEste lunes, el ministro de Salud, Francisco Javier Terrientes, confirm\u00f3 que la cifra de muertos por influenza A (H1N1) se ha elevado a 13, y que hay 547 personas hospitalizadas de los cuales 57, est\u00e1n en cuidados intensivos. <\/p>\n<p>Terrientes se\u00f1al\u00f3 que actualmente hay cerca de 150 mil vacunas y que a finales de esta semana recibir\u00e1n un mill\u00f3n y medio adicionales. <\/p>\n<p>Agreg\u00f3 \u00a0que con el inicio de clases a nivel nacional, los padres de familia deben estar pendiente del estado de salud de sus acudidos y si alguno presenta s\u00edntomas de resfriado no enviarlos a los centros escolares. <\/p>\n<p>Entre los signos y s\u00edntomas ocasionados por la influenza est\u00e1n: fiebre, tos, dolor de garganta y secreci\u00f3n nasal, en los ni\u00f1os puede causar otitis media, n\u00e1useas y v\u00f3mitos.\u00a0 <\/p>\n<p>\u00a0 <\/p>\n","protected":false},"excerpt":{"rendered":"<p>Este lunes, el ministro de Salud, Francisco Javier Terrientes, confirm\u00f3 <a href=\"https:\/\/sertv.gob.pa\/nacionalfm\/trece-fallecidos-por-influenza-a-h1n1-confirma-ministro-de-salud\/\"> [&#8230;]<\/a><\/p>\n","protected":false},"author":1,"featured_media":13479,"comment_status":"closed","ping_status":"closed","sticky":false,"template":"","format":"standard","meta":{"footnotes":""},"categories":[5],"tags":[],"class_list":["post-13478","post","type-post","status-publish","format-standard","has-post-thumbnail","hentry","category-salud"],"_links":{"self":[{"href":"https:\/\/sertv.gob.pa\/nacionalfm\/wp-json\/wp\/v2\/posts\/13478","targetHints":{"allow":["GET"]}}],"collection":[{"href":"https:\/\/sertv.gob.pa\/nacionalfm\/wp-json\/wp\/v2\/posts"}],"about":[{"href":"https:\/\/sertv.gob.pa\/nacionalfm\/wp-json\/wp\/v2\/types\/post"}],"author":[{"embeddable":true,"href":"https:\/\/sertv.gob.pa\/nacionalfm\/wp-json\/wp\/v2\/users\/1"}],"replies":[{"embeddable":true,"href":"https:\/\/sertv.gob.pa\/nacionalfm\/wp-json\/wp\/v2\/comments?post=13478"}],"version-history":[{"count":0,"href":"https:\/\/sertv.gob.pa\/nacionalfm\/wp-json\/wp\/v2\/posts\/13478\/revisions"}],"wp:featuredmedia":[{"embeddable":true,"href":"https:\/\/sertv.gob.pa\/nacionalfm\/wp-json\/wp\/v2\/media\/13479"}],"wp:attachment":[{"href":"https:\/\/sertv.gob.pa\/nacionalfm\/wp-json\/wp\/v2\/media?parent=13478"}],"wp:term":[{"taxonomy":"category","embeddable":true,"href":"https:\/\/sertv.gob.pa\/nacionalfm\/wp-json\/wp\/v2\/categories?post=13478"},{"taxonomy":"post_tag","embeddable":true,"href":"https:\/\/sertv.gob.pa\/nacionalfm\/wp-json\/wp\/v2\/tags?post=13478"}],"curies":[{"name":"wp","href":"https:\/\/api.w.org\/{rel}","templated":true}]}}