{"id":13480,"date":"2016-06-13T20:53:13","date_gmt":"2016-06-13T20:53:13","guid":{"rendered":""},"modified":"2016-06-13T20:53:13","modified_gmt":"2016-06-13T20:53:13","slug":"edgard-crespo-impone-nuevo-record-en-camex","status":"publish","type":"post","link":"https:\/\/sertv.gob.pa\/nacionalfm\/edgard-crespo-impone-nuevo-record-en-camex\/","title":{"rendered":"Edgard Crespo impone nuevo r\u00e9cord en CAMEX"},"content":{"rendered":"<p>\n El nadador paname\u00f1o Edgar Crespo se adjudic\u00f3 el oro y rompi\u00f3 r\u00e9cord, en prueba individual, \u00a0en los 100 metros pecho, con tiempo de 1:02:21, en el reci\u00e9n finalizado XVI Campeonato Centroamericano y M\u00e9xico de Nataci\u00f3n, celebrado en nuestro pa\u00eds.   <\/p>\n<p> Adem\u00e1s \u00a0en\u00a0 el equipo de m\u00e1s 18 a\u00f1os con Issac Beit\u00eda, Edgar Crespo,\u00a0 Ricardo Torres Jr y Johamed Lowe 3:58.64, tambi\u00e9n ocuparon el primer lugar.   <\/p>\n<p> Crespo con la prueba individual ratifica su marca B para los Juegos Ol\u00edmpicos de R\u00edo de Janeiro, Brasil.  <\/p>\n","protected":false},"excerpt":{"rendered":"<p>El nadador paname\u00f1o Edgar Crespo se adjudic\u00f3 el oro y <a href=\"https:\/\/sertv.gob.pa\/nacionalfm\/edgard-crespo-impone-nuevo-record-en-camex\/\"> [&#8230;]<\/a><\/p>\n","protected":false},"author":1,"featured_media":13481,"comment_status":"closed","ping_status":"closed","sticky":false,"template":"","format":"standard","meta":{"footnotes":""},"categories":[4],"tags":[],"class_list":["post-13480","post","type-post","status-publish","format-standard","has-post-thumbnail","hentry","category-deportes"],"_links":{"self":[{"href":"https:\/\/sertv.gob.pa\/nacionalfm\/wp-json\/wp\/v2\/posts\/13480","targetHints":{"allow":["GET"]}}],"collection":[{"href":"https:\/\/sertv.gob.pa\/nacionalfm\/wp-json\/wp\/v2\/posts"}],"about":[{"href":"https:\/\/sertv.gob.pa\/nacionalfm\/wp-json\/wp\/v2\/types\/post"}],"author":[{"embeddable":true,"href":"https:\/\/sertv.gob.pa\/nacionalfm\/wp-json\/wp\/v2\/users\/1"}],"replies":[{"embeddable":true,"href":"https:\/\/sertv.gob.pa\/nacionalfm\/wp-json\/wp\/v2\/comments?post=13480"}],"version-history":[{"count":0,"href":"https:\/\/sertv.gob.pa\/nacionalfm\/wp-json\/wp\/v2\/posts\/13480\/revisions"}],"wp:featuredmedia":[{"embeddable":true,"href":"https:\/\/sertv.gob.pa\/nacionalfm\/wp-json\/wp\/v2\/media\/13481"}],"wp:attachment":[{"href":"https:\/\/sertv.gob.pa\/nacionalfm\/wp-json\/wp\/v2\/media?parent=13480"}],"wp:term":[{"taxonomy":"category","embeddable":true,"href":"https:\/\/sertv.gob.pa\/nacionalfm\/wp-json\/wp\/v2\/categories?post=13480"},{"taxonomy":"post_tag","embeddable":true,"href":"https:\/\/sertv.gob.pa\/nacionalfm\/wp-json\/wp\/v2\/tags?post=13480"}],"curies":[{"name":"wp","href":"https:\/\/api.w.org\/{rel}","templated":true}]}}