{"id":13482,"date":"2016-06-13T22:08:25","date_gmt":"2016-06-13T22:08:25","guid":{"rendered":""},"modified":"2016-06-13T22:08:25","modified_gmt":"2016-06-13T22:08:25","slug":"el-1-de-julio-inicia-feria-expodeporte-internacional-en-atlapa","status":"publish","type":"post","link":"https:\/\/sertv.gob.pa\/nacionalfm\/el-1-de-julio-inicia-feria-expodeporte-internacional-en-atlapa\/","title":{"rendered":"El 1 de julio inicia Feria Expodeporte Internacional en ATLAPA"},"content":{"rendered":"<p>\n Del 1 al 3 de julio se realizar\u00e1 en el Centro de Convenciones ATLAPA la Feria Expodeporte Internacional 2026, la cual se inicia con una sesi\u00f3n de baile, de Power Club de 5 a 5 a 6 pm. El viernes 1.  <\/p>\n<p> Power Club\u00a0 volver\u00e1\u00a0\u00a0 el s\u00e1bado \u00a02 de 6 a 7 pn \u00a0con Fit Combat en el\u00a0 escenario principal de la feria.   <\/p>\n<p> La entrada\u00a0 y la participaci\u00f3n de\u00a0 todas estas actividades\u00a0 ser\u00e1n \u00a0gratis. \u00a0\u00a0\u00a0\u00a0\u00a0El Comit\u00e9 Ol\u00edmpico de Panam\u00e1, COP \u00a0con\u00a0 \u00a0su pabell\u00f3n recibir\u00e1 a \u00a0atletas clasificados\u00a0 a los Juegos Ol\u00edmpicos de Rio 2016. \u00a0Sobresale\u00a0 la\u00a0 exhibici\u00f3n de Alberto Gorgona un\u00a0\u00a0\u00a0 joven\u00a0 pero experimentado tenista de mesa\u00a0 que act\u00faa en Alemania.   <\/p>\n<p> M\u00fasica de Djs,\u00a0\u00a0\u00a0 una cancha de basket, donde estar\u00e1n\u00a0 el equipo Campe\u00f3n de Col\u00f3n y la Selecci\u00f3n de Panam\u00e1. \u00a0Esgrima con la Academia Cirano de Bergerac.\u00a0 Jaulas de bateo,\u00a0 Clases de Cocina\u00a0 y\u00a0\u00a0\u00a0 exhibiciones de ULtimate Combar, UCC.  <\/p>\n<p> La Alcald\u00eda de Panam\u00e1 y Pan Deportes prometen mucha diversi\u00f3n\u00a0\u00a0 e interactividad con el p\u00fablico presente.   <\/p>\n<p> \u00a0\u00a0  <\/p>\n","protected":false},"excerpt":{"rendered":"<p>Del 1 al 3 de julio se realizar\u00e1 en el <a href=\"https:\/\/sertv.gob.pa\/nacionalfm\/el-1-de-julio-inicia-feria-expodeporte-internacional-en-atlapa\/\"> [&#8230;]<\/a><\/p>\n","protected":false},"author":1,"featured_media":13483,"comment_status":"closed","ping_status":"closed","sticky":false,"template":"","format":"standard","meta":{"footnotes":""},"categories":[4],"tags":[],"class_list":["post-13482","post","type-post","status-publish","format-standard","has-post-thumbnail","hentry","category-deportes"],"_links":{"self":[{"href":"https:\/\/sertv.gob.pa\/nacionalfm\/wp-json\/wp\/v2\/posts\/13482","targetHints":{"allow":["GET"]}}],"collection":[{"href":"https:\/\/sertv.gob.pa\/nacionalfm\/wp-json\/wp\/v2\/posts"}],"about":[{"href":"https:\/\/sertv.gob.pa\/nacionalfm\/wp-json\/wp\/v2\/types\/post"}],"author":[{"embeddable":true,"href":"https:\/\/sertv.gob.pa\/nacionalfm\/wp-json\/wp\/v2\/users\/1"}],"replies":[{"embeddable":true,"href":"https:\/\/sertv.gob.pa\/nacionalfm\/wp-json\/wp\/v2\/comments?post=13482"}],"version-history":[{"count":0,"href":"https:\/\/sertv.gob.pa\/nacionalfm\/wp-json\/wp\/v2\/posts\/13482\/revisions"}],"wp:featuredmedia":[{"embeddable":true,"href":"https:\/\/sertv.gob.pa\/nacionalfm\/wp-json\/wp\/v2\/media\/13483"}],"wp:attachment":[{"href":"https:\/\/sertv.gob.pa\/nacionalfm\/wp-json\/wp\/v2\/media?parent=13482"}],"wp:term":[{"taxonomy":"category","embeddable":true,"href":"https:\/\/sertv.gob.pa\/nacionalfm\/wp-json\/wp\/v2\/categories?post=13482"},{"taxonomy":"post_tag","embeddable":true,"href":"https:\/\/sertv.gob.pa\/nacionalfm\/wp-json\/wp\/v2\/tags?post=13482"}],"curies":[{"name":"wp","href":"https:\/\/api.w.org\/{rel}","templated":true}]}}