{"id":13484,"date":"2016-06-13T22:23:36","date_gmt":"2016-06-13T22:23:36","guid":{"rendered":""},"modified":"2016-06-13T22:23:36","modified_gmt":"2016-06-13T22:23:36","slug":"costa-rica-se-apodera-del-campeonato-camex","status":"publish","type":"post","link":"https:\/\/sertv.gob.pa\/nacionalfm\/costa-rica-se-apodera-del-campeonato-camex\/","title":{"rendered":"Costa Rica se apodera del campeonato CAMEX"},"content":{"rendered":"<p>\n Costa Rica se queda con el XVI Campeonato de Nataci\u00f3n Centroamericano y M\u00e9xico (CAMEX), con 1947 puntos, mientras que el pa\u00eds anfitri\u00f3n Panam\u00e1 ocup\u00f3 el segundo lugar con 1415.5 puntos y Guatemala complet\u00f3 el podio, con 1383.5.  <\/p>\n<p> En el \u00faltimo d\u00eda de competencias de la nataci\u00f3n que se efectu\u00f3 en la piscina Eileen Coparropa de la ciudad deportiva Irving Saladino, el equipo paname\u00f1o conquist\u00f3 un total de 11 medallas de oro, sobresaliendo en las pruebas de relevos.  <\/p>\n<p> Este torneo compitieron m\u00e1s de 300 nadadores de El Salvador, Costa Rica, Honduras, Guatemala, Nicaragua y Panam\u00e1, en las modalidades de nataci\u00f3n y aguas abiertas.  <\/p>\n","protected":false},"excerpt":{"rendered":"<p>Costa Rica se queda con el XVI Campeonato de Nataci\u00f3n <a href=\"https:\/\/sertv.gob.pa\/nacionalfm\/costa-rica-se-apodera-del-campeonato-camex\/\"> [&#8230;]<\/a><\/p>\n","protected":false},"author":1,"featured_media":13485,"comment_status":"closed","ping_status":"closed","sticky":false,"template":"","format":"standard","meta":{"footnotes":""},"categories":[4],"tags":[],"class_list":["post-13484","post","type-post","status-publish","format-standard","has-post-thumbnail","hentry","category-deportes"],"_links":{"self":[{"href":"https:\/\/sertv.gob.pa\/nacionalfm\/wp-json\/wp\/v2\/posts\/13484","targetHints":{"allow":["GET"]}}],"collection":[{"href":"https:\/\/sertv.gob.pa\/nacionalfm\/wp-json\/wp\/v2\/posts"}],"about":[{"href":"https:\/\/sertv.gob.pa\/nacionalfm\/wp-json\/wp\/v2\/types\/post"}],"author":[{"embeddable":true,"href":"https:\/\/sertv.gob.pa\/nacionalfm\/wp-json\/wp\/v2\/users\/1"}],"replies":[{"embeddable":true,"href":"https:\/\/sertv.gob.pa\/nacionalfm\/wp-json\/wp\/v2\/comments?post=13484"}],"version-history":[{"count":0,"href":"https:\/\/sertv.gob.pa\/nacionalfm\/wp-json\/wp\/v2\/posts\/13484\/revisions"}],"wp:featuredmedia":[{"embeddable":true,"href":"https:\/\/sertv.gob.pa\/nacionalfm\/wp-json\/wp\/v2\/media\/13485"}],"wp:attachment":[{"href":"https:\/\/sertv.gob.pa\/nacionalfm\/wp-json\/wp\/v2\/media?parent=13484"}],"wp:term":[{"taxonomy":"category","embeddable":true,"href":"https:\/\/sertv.gob.pa\/nacionalfm\/wp-json\/wp\/v2\/categories?post=13484"},{"taxonomy":"post_tag","embeddable":true,"href":"https:\/\/sertv.gob.pa\/nacionalfm\/wp-json\/wp\/v2\/tags?post=13484"}],"curies":[{"name":"wp","href":"https:\/\/api.w.org\/{rel}","templated":true}]}}