{"id":13486,"date":"2016-06-13T22:49:19","date_gmt":"2016-06-13T22:49:19","guid":{"rendered":""},"modified":"2016-06-13T22:49:19","modified_gmt":"2016-06-13T22:49:19","slug":"felino-jones-primer-panameno-clasificado-en-los-pesos-pesados","status":"publish","type":"post","link":"https:\/\/sertv.gob.pa\/nacionalfm\/felino-jones-primer-panameno-clasificado-en-los-pesos-pesados\/","title":{"rendered":"\u201cFelino\u201d Jones primer paname\u00f1o clasificado en los pesos pesados"},"content":{"rendered":"<p>\nEn las \u00faltimas clasificaciones de la Asociaci\u00f3n Mundial de Boxeo, el colonense ex campe\u00f3n de los pesos cruceros Guillermo &ldquo;El Felino&rdquo; Jones, \u00a0aparece reclasificado en la posici\u00f3n n\u00famero 15, en los pesos completos. <\/p>\n<p>De esta manera Guillermo Jones se convierte en el primer paname\u00f1o clasificado en los pesos m\u00e1ximos, luego de dos a\u00f1os de suspensi\u00f3n por positivo en una prueba de dopaje. <\/p>\n<p>El a\u00f1o pasado la AMB le concedi\u00f3 un permiso especial &ldquo;Al Felino&rdquo; Jones para que realizara un combate sin disputar t\u00edtulo alguno y que fuera en los pesos pesado, y de esa manera retorn\u00f3 al cuadril\u00e1tero con una victoria por decisi\u00f3n un\u00e1nime ante el mexicano Daniel &ldquo;El Oso&rdquo; Cota. <\/p>\n<p>\u00a0 <\/p>\n","protected":false},"excerpt":{"rendered":"<p>En las \u00faltimas clasificaciones de la Asociaci\u00f3n Mundial de Boxeo, <a href=\"https:\/\/sertv.gob.pa\/nacionalfm\/felino-jones-primer-panameno-clasificado-en-los-pesos-pesados\/\"> [&#8230;]<\/a><\/p>\n","protected":false},"author":1,"featured_media":13487,"comment_status":"closed","ping_status":"closed","sticky":false,"template":"","format":"standard","meta":{"footnotes":""},"categories":[4],"tags":[],"class_list":["post-13486","post","type-post","status-publish","format-standard","has-post-thumbnail","hentry","category-deportes"],"_links":{"self":[{"href":"https:\/\/sertv.gob.pa\/nacionalfm\/wp-json\/wp\/v2\/posts\/13486","targetHints":{"allow":["GET"]}}],"collection":[{"href":"https:\/\/sertv.gob.pa\/nacionalfm\/wp-json\/wp\/v2\/posts"}],"about":[{"href":"https:\/\/sertv.gob.pa\/nacionalfm\/wp-json\/wp\/v2\/types\/post"}],"author":[{"embeddable":true,"href":"https:\/\/sertv.gob.pa\/nacionalfm\/wp-json\/wp\/v2\/users\/1"}],"replies":[{"embeddable":true,"href":"https:\/\/sertv.gob.pa\/nacionalfm\/wp-json\/wp\/v2\/comments?post=13486"}],"version-history":[{"count":0,"href":"https:\/\/sertv.gob.pa\/nacionalfm\/wp-json\/wp\/v2\/posts\/13486\/revisions"}],"wp:featuredmedia":[{"embeddable":true,"href":"https:\/\/sertv.gob.pa\/nacionalfm\/wp-json\/wp\/v2\/media\/13487"}],"wp:attachment":[{"href":"https:\/\/sertv.gob.pa\/nacionalfm\/wp-json\/wp\/v2\/media?parent=13486"}],"wp:term":[{"taxonomy":"category","embeddable":true,"href":"https:\/\/sertv.gob.pa\/nacionalfm\/wp-json\/wp\/v2\/categories?post=13486"},{"taxonomy":"post_tag","embeddable":true,"href":"https:\/\/sertv.gob.pa\/nacionalfm\/wp-json\/wp\/v2\/tags?post=13486"}],"curies":[{"name":"wp","href":"https:\/\/api.w.org\/{rel}","templated":true}]}}