{"id":13508,"date":"2016-06-14T16:31:58","date_gmt":"2016-06-14T16:31:58","guid":{"rendered":""},"modified":"2016-06-14T16:31:58","modified_gmt":"2016-06-14T16:31:58","slug":"luciel-quiel-y-yaditza-perez-se-miden-en-encuentro-de-revancha","status":"publish","type":"post","link":"https:\/\/sertv.gob.pa\/nacionalfm\/luciel-quiel-y-yaditza-perez-se-miden-en-encuentro-de-revancha\/","title":{"rendered":"Luciel Quiel y Yaditza P\u00e9rez se miden en encuentro de revancha"},"content":{"rendered":"<p>\n Luciel Quiel y Yaditza P\u00e9rez se enfrentan en combate de revancha el pr\u00f3ximo s\u00e1bado 2 de julio en el gimnasio Los Naranjos de Boquete, Chiriqu\u00ed, en la cartelera denominada, &ldquo;Furia en las Alturas&rdquo;, que tiene como pelea estelar la de Bryan &ldquo;La Roca&rdquo; De Gracia ante el nicarag\u00fcense Germ\u00e1n Lara.  <\/p>\n<p> Ambas boxeadoras se enfrentaron dos a\u00f1os atr\u00e1s y gan\u00f3 Yaditza P\u00e9rez por K.O.T. en el mismo escenario.  <\/p>\n<p>  Luiciel Quiel, quien viene de ganar sus dos \u00faltimos combates ante Juseth Arauz y Nataly Delgado, est\u00e1 dispuesta a tomar venganza de aquella derrota que le propin\u00f3 Yaditza P\u00e9rez.\u00a0 En la primera pelea entre ambas    hubo diversos factores que Quiel alega afectaron su rendimiento. &ldquo;El peso fue algo determinante porque me debilit\u00e9 mucho, ya que no soy una minimosca. La altura me pas\u00f3 factura, sent\u00eda que me estaba ahogando y el estado del ring no era el mejor, ya que las cuerdas estaban flojas y, porque no decirlo, hubo algo de ayuda del \u00e1rbitro, pero bueno, no podemos quitarle m\u00e9ritos a P\u00e9rez, ella es una excelente peleadora&rdquo;.  <\/p>\n<p> En cuanto a la preparaci\u00f3n, Quiel est\u00e1 trabajando fuerte y de manera exigente bajo la supervisi\u00f3n de su entrenador, Carlos Agrazal, en conjunto con el equipo de boxeo ol\u00edmpico de la Polic\u00eda Nacional, quienes estar\u00e1n participando como equipo invitado al Campeonato Nacional Guantes de Oro 2016.  <\/p>\n<p> Quiel tiene un palmar\u00e9s de 7 victorias, 2 derrotas, que fueron con Zuliana Mendoza y su rival de turno Yaditza P\u00e9rez \u00a0y 3 ganadas por K.O., \u00a0y su rival P\u00e9rez cuenta con r\u00e9cord de 8 ganadas, 10 derrotas y un empate.    <\/p>\n","protected":false},"excerpt":{"rendered":"<p>Luciel Quiel y Yaditza P\u00e9rez se enfrentan en combate de <a href=\"https:\/\/sertv.gob.pa\/nacionalfm\/luciel-quiel-y-yaditza-perez-se-miden-en-encuentro-de-revancha\/\"> [&#8230;]<\/a><\/p>\n","protected":false},"author":1,"featured_media":13509,"comment_status":"closed","ping_status":"closed","sticky":false,"template":"","format":"standard","meta":{"footnotes":""},"categories":[4],"tags":[],"class_list":["post-13508","post","type-post","status-publish","format-standard","has-post-thumbnail","hentry","category-deportes"],"_links":{"self":[{"href":"https:\/\/sertv.gob.pa\/nacionalfm\/wp-json\/wp\/v2\/posts\/13508","targetHints":{"allow":["GET"]}}],"collection":[{"href":"https:\/\/sertv.gob.pa\/nacionalfm\/wp-json\/wp\/v2\/posts"}],"about":[{"href":"https:\/\/sertv.gob.pa\/nacionalfm\/wp-json\/wp\/v2\/types\/post"}],"author":[{"embeddable":true,"href":"https:\/\/sertv.gob.pa\/nacionalfm\/wp-json\/wp\/v2\/users\/1"}],"replies":[{"embeddable":true,"href":"https:\/\/sertv.gob.pa\/nacionalfm\/wp-json\/wp\/v2\/comments?post=13508"}],"version-history":[{"count":0,"href":"https:\/\/sertv.gob.pa\/nacionalfm\/wp-json\/wp\/v2\/posts\/13508\/revisions"}],"wp:featuredmedia":[{"embeddable":true,"href":"https:\/\/sertv.gob.pa\/nacionalfm\/wp-json\/wp\/v2\/media\/13509"}],"wp:attachment":[{"href":"https:\/\/sertv.gob.pa\/nacionalfm\/wp-json\/wp\/v2\/media?parent=13508"}],"wp:term":[{"taxonomy":"category","embeddable":true,"href":"https:\/\/sertv.gob.pa\/nacionalfm\/wp-json\/wp\/v2\/categories?post=13508"},{"taxonomy":"post_tag","embeddable":true,"href":"https:\/\/sertv.gob.pa\/nacionalfm\/wp-json\/wp\/v2\/tags?post=13508"}],"curies":[{"name":"wp","href":"https:\/\/api.w.org\/{rel}","templated":true}]}}