{"id":13510,"date":"2016-06-14T18:04:59","date_gmt":"2016-06-14T18:04:59","guid":{"rendered":""},"modified":"2016-06-14T18:04:59","modified_gmt":"2016-06-14T18:04:59","slug":"hernan-cortez-pelea-en-japon","status":"publish","type":"post","link":"https:\/\/sertv.gob.pa\/nacionalfm\/hernan-cortez-pelea-en-japon\/","title":{"rendered":"Hern\u00e1n Cort\u00e9z pelea en Jap\u00f3n"},"content":{"rendered":"<p>\nEl p\u00fagil paname\u00f1o Hern\u00e1n &ldquo;El Conquistador&rdquo; Cort\u00e9z ver\u00e1 acci\u00f3n por primera vez fuera de los linderos patrios cuando combata el pr\u00f3ximo 24 de junio en Tokio, Jap\u00f3n ante el nip\u00f3n Hidenori Otake, en la ciudad de Tokio en 8 asaltos y 124 libras. <\/p>\n<p> Otake, quien ya ha disputado t\u00edtulo mundial sin \u00e9xito, tiene una edad de 34 a\u00f1os, un r\u00e9cord de 25   victorias   (12 KO), dos derrotas y tres empates.  <\/p>\n<p> Su \u00faltima derrota fue por decisi\u00f3n un\u00e1nime ante el brit\u00e1nico Scott Quigg, quien en esa ocasi\u00f3n defendi\u00f3 con \u00e9xito su corona supergallo de la AMB.  <\/p>\n<p> El viaje de Cortez est\u00e1 programado para este jueves a las 4:15 de la tarde, haciendo escala en M\u00e9xico para tomar vuelo hacia tierras niponas, donde llegar\u00e1n el viernes a las 1:55 de la madrugada (hora de Jap\u00f3n).  <\/p>\n<p>\u00a0 <\/p>\n","protected":false},"excerpt":{"rendered":"<p>El p\u00fagil paname\u00f1o Hern\u00e1n &ldquo;El Conquistador&rdquo; Cort\u00e9z ver\u00e1 acci\u00f3n por <a href=\"https:\/\/sertv.gob.pa\/nacionalfm\/hernan-cortez-pelea-en-japon\/\"> [&#8230;]<\/a><\/p>\n","protected":false},"author":1,"featured_media":13511,"comment_status":"closed","ping_status":"closed","sticky":false,"template":"","format":"standard","meta":{"footnotes":""},"categories":[4],"tags":[],"class_list":["post-13510","post","type-post","status-publish","format-standard","has-post-thumbnail","hentry","category-deportes"],"_links":{"self":[{"href":"https:\/\/sertv.gob.pa\/nacionalfm\/wp-json\/wp\/v2\/posts\/13510","targetHints":{"allow":["GET"]}}],"collection":[{"href":"https:\/\/sertv.gob.pa\/nacionalfm\/wp-json\/wp\/v2\/posts"}],"about":[{"href":"https:\/\/sertv.gob.pa\/nacionalfm\/wp-json\/wp\/v2\/types\/post"}],"author":[{"embeddable":true,"href":"https:\/\/sertv.gob.pa\/nacionalfm\/wp-json\/wp\/v2\/users\/1"}],"replies":[{"embeddable":true,"href":"https:\/\/sertv.gob.pa\/nacionalfm\/wp-json\/wp\/v2\/comments?post=13510"}],"version-history":[{"count":0,"href":"https:\/\/sertv.gob.pa\/nacionalfm\/wp-json\/wp\/v2\/posts\/13510\/revisions"}],"wp:featuredmedia":[{"embeddable":true,"href":"https:\/\/sertv.gob.pa\/nacionalfm\/wp-json\/wp\/v2\/media\/13511"}],"wp:attachment":[{"href":"https:\/\/sertv.gob.pa\/nacionalfm\/wp-json\/wp\/v2\/media?parent=13510"}],"wp:term":[{"taxonomy":"category","embeddable":true,"href":"https:\/\/sertv.gob.pa\/nacionalfm\/wp-json\/wp\/v2\/categories?post=13510"},{"taxonomy":"post_tag","embeddable":true,"href":"https:\/\/sertv.gob.pa\/nacionalfm\/wp-json\/wp\/v2\/tags?post=13510"}],"curies":[{"name":"wp","href":"https:\/\/api.w.org\/{rel}","templated":true}]}}