{"id":13518,"date":"2016-06-14T18:29:16","date_gmt":"2016-06-14T18:29:16","guid":{"rendered":""},"modified":"2016-06-14T18:29:16","modified_gmt":"2016-06-14T18:29:16","slug":"dia-mundial-del-donante-de-sangre","status":"publish","type":"post","link":"https:\/\/sertv.gob.pa\/nacionalfm\/dia-mundial-del-donante-de-sangre\/","title":{"rendered":"D\u00eda Mundial del Donante de Sangre"},"content":{"rendered":"<p>\nHoy, 14 de junio, se celebra el  D\u00eda Mundial del Donante de Sangre , cuya celebraci\u00f3n lleva como tema este a\u00f1o &ldquo;La sangre nos conecta a todos&rdquo; y como lema &ldquo;Comparte la vida&ndash;Dona sangre&rdquo; para as\u00ed agradecer a los donantes. <\/p>\n<p>La cifra global de donaciones es de 108 millones de unidades de sangre, mientras que en Panam\u00e1 se ha dado un aumento en este sentido si se toma en cuenta que en 2015 se recibieron 56 mil 373 unidades de sangre, mientras que en 2011, la cantidad fue de 54 mil 427, seg\u00fan datos del  Programa Nacional de Sangre  del Ministerio de Salud. <\/p>\n<p>Para Arinda Alem\u00e1n y Esmeralda Tuy, coordinadoras m\u00e9dica y t\u00e9cnica del  Programa Nacional de Sangre , respectivamente, el aumento es positivo, mas no es lo que se espera, y coinciden en que todav\u00eda hace falta que la poblaci\u00f3n cambie su actitud hacia la donaci\u00f3n de sangre, ya que donar es un gesto de responsabilidad social. <\/p>\n<p>Del total de sangre donada el a\u00f1o pasado, el 88% (49 mil 392 unidades) fueron donaciones de reposici\u00f3n (es decir, que el paciente recibi\u00f3 la sangre antes de que alg\u00fan familiar o amigo la donara), mientras que solo el 7% (3 mil 982) fueron voluntarias (donaciones de forma altruista, sin que alg\u00fan conocido la necesitase). <\/p>\n<p>Esto indica que es muy necesario que la sangre est\u00e9 en los hospitales antes de que los pacientes lo requieran, afirma el m\u00e9dico Gabriel Reboll\u00f3n, director de Sangre Panam\u00e1. Si aumentamos los donantes voluntarios, incrementamos los niveles de reserva de sangre en el pa\u00eds. <\/p>\n<p>La  Cruz Roja Internacional  y la  Organizaci\u00f3n Mundial de la Salud  recomiendan que el 2% de la poblaci\u00f3n done voluntariamente para cubrir las necesidades de sangre en un pa\u00eds. En Panam\u00e1, eso es equivalente a 74 mil unidades de sangre por a\u00f1o, indica Reboll\u00f3n. &ldquo;Actualmente, estamos en un total de 56 mil unidades; una diferencia de 18 mil unidades de sangre&rdquo;. <\/p>\n<p>\u00a0 <\/p>\n","protected":false},"excerpt":{"rendered":"<p>Hoy, 14 de junio, se celebra el D\u00eda Mundial del <a href=\"https:\/\/sertv.gob.pa\/nacionalfm\/dia-mundial-del-donante-de-sangre\/\"> [&#8230;]<\/a><\/p>\n","protected":false},"author":1,"featured_media":13519,"comment_status":"closed","ping_status":"closed","sticky":false,"template":"","format":"standard","meta":{"footnotes":""},"categories":[5],"tags":[],"class_list":["post-13518","post","type-post","status-publish","format-standard","has-post-thumbnail","hentry","category-salud"],"_links":{"self":[{"href":"https:\/\/sertv.gob.pa\/nacionalfm\/wp-json\/wp\/v2\/posts\/13518","targetHints":{"allow":["GET"]}}],"collection":[{"href":"https:\/\/sertv.gob.pa\/nacionalfm\/wp-json\/wp\/v2\/posts"}],"about":[{"href":"https:\/\/sertv.gob.pa\/nacionalfm\/wp-json\/wp\/v2\/types\/post"}],"author":[{"embeddable":true,"href":"https:\/\/sertv.gob.pa\/nacionalfm\/wp-json\/wp\/v2\/users\/1"}],"replies":[{"embeddable":true,"href":"https:\/\/sertv.gob.pa\/nacionalfm\/wp-json\/wp\/v2\/comments?post=13518"}],"version-history":[{"count":0,"href":"https:\/\/sertv.gob.pa\/nacionalfm\/wp-json\/wp\/v2\/posts\/13518\/revisions"}],"wp:featuredmedia":[{"embeddable":true,"href":"https:\/\/sertv.gob.pa\/nacionalfm\/wp-json\/wp\/v2\/media\/13519"}],"wp:attachment":[{"href":"https:\/\/sertv.gob.pa\/nacionalfm\/wp-json\/wp\/v2\/media?parent=13518"}],"wp:term":[{"taxonomy":"category","embeddable":true,"href":"https:\/\/sertv.gob.pa\/nacionalfm\/wp-json\/wp\/v2\/categories?post=13518"},{"taxonomy":"post_tag","embeddable":true,"href":"https:\/\/sertv.gob.pa\/nacionalfm\/wp-json\/wp\/v2\/tags?post=13518"}],"curies":[{"name":"wp","href":"https:\/\/api.w.org\/{rel}","templated":true}]}}