{"id":1353,"date":"2014-08-30T05:00:00","date_gmt":"2014-08-30T05:00:00","guid":{"rendered":""},"modified":"2014-08-30T05:00:00","modified_gmt":"2014-08-30T05:00:00","slug":"vagina-con-tejido-de-intestino-es-reconstruida","status":"publish","type":"post","link":"https:\/\/sertv.gob.pa\/nacionalfm\/vagina-con-tejido-de-intestino-es-reconstruida\/","title":{"rendered":"Vagina con tejido de intestino es reconstru\u00edda"},"content":{"rendered":"<p>\nEl servicio de  Cirug\u00eda Pl\u00e1stica y Reconstructiva del Hospital Universitario de Alcira (este),  ha reconstruido la vagina de una mujer de 54 a\u00f1os a partir de tejido de su propio yeyuno, una de las partes en las que se divide el intestino delgado humano. <\/p>\n<p>Seg\u00fan inform\u00f3 el hospital mediante un comunicado, la paciente fue intervenida con \u00e9xito hace varias semanas, luego de que se le diagnosticara hace dos a\u00f1os una estrechez vaginal por una fibrosis  (desarrollo en exceso de tejido fibroso)  de origen desconocido. <\/p>\n<p>El doctor Giovanni Bistoni, del servicio de Cirug\u00eda Pl\u00e1stica y Reconstructiva y coordinador de la intervenci\u00f3n, indic\u00f3 que era un  \u00abcaso complejo, ya que la vagina de la paciente med\u00eda un solo cent\u00edmetro de di\u00e1metro por dos cent\u00edmetros de profundidad\u00bb,  muy inferiores a las medidas que se consideran  \u00abnormales\u00bb.  <\/p>\n<p>Seg\u00fan las declaraciones del doctor, esta anomal\u00eda \u00able imped\u00eda mantener relaciones sexuales con su pareja, con la consiguiente p\u00e9rdida de calidad de vida y autoestima para la mujer\u00bb.\u00a0 @nacionalFm <\/p>\n<p>\u00a0 <\/p>\n<p>\u00a0 <\/p>\n","protected":false},"excerpt":{"rendered":"<p>El servicio de Cirug\u00eda Pl\u00e1stica y Reconstructiva del Hospital Universitario <a href=\"https:\/\/sertv.gob.pa\/nacionalfm\/vagina-con-tejido-de-intestino-es-reconstruida\/\"> [&#8230;]<\/a><\/p>\n","protected":false},"author":1,"featured_media":0,"comment_status":"closed","ping_status":"closed","sticky":false,"template":"","format":"standard","meta":{"footnotes":""},"categories":[5],"tags":[],"class_list":["post-1353","post","type-post","status-publish","format-standard","hentry","category-salud"],"_links":{"self":[{"href":"https:\/\/sertv.gob.pa\/nacionalfm\/wp-json\/wp\/v2\/posts\/1353","targetHints":{"allow":["GET"]}}],"collection":[{"href":"https:\/\/sertv.gob.pa\/nacionalfm\/wp-json\/wp\/v2\/posts"}],"about":[{"href":"https:\/\/sertv.gob.pa\/nacionalfm\/wp-json\/wp\/v2\/types\/post"}],"author":[{"embeddable":true,"href":"https:\/\/sertv.gob.pa\/nacionalfm\/wp-json\/wp\/v2\/users\/1"}],"replies":[{"embeddable":true,"href":"https:\/\/sertv.gob.pa\/nacionalfm\/wp-json\/wp\/v2\/comments?post=1353"}],"version-history":[{"count":0,"href":"https:\/\/sertv.gob.pa\/nacionalfm\/wp-json\/wp\/v2\/posts\/1353\/revisions"}],"wp:attachment":[{"href":"https:\/\/sertv.gob.pa\/nacionalfm\/wp-json\/wp\/v2\/media?parent=1353"}],"wp:term":[{"taxonomy":"category","embeddable":true,"href":"https:\/\/sertv.gob.pa\/nacionalfm\/wp-json\/wp\/v2\/categories?post=1353"},{"taxonomy":"post_tag","embeddable":true,"href":"https:\/\/sertv.gob.pa\/nacionalfm\/wp-json\/wp\/v2\/tags?post=1353"}],"curies":[{"name":"wp","href":"https:\/\/api.w.org\/{rel}","templated":true}]}}