{"id":13546,"date":"2016-06-15T18:28:31","date_gmt":"2016-06-15T18:28:31","guid":{"rendered":""},"modified":"2016-06-15T18:28:31","modified_gmt":"2016-06-15T18:28:31","slug":"aumentan-a-22-los-fallecidos-por-la-gripe-a-h1n1","status":"publish","type":"post","link":"https:\/\/sertv.gob.pa\/nacionalfm\/aumentan-a-22-los-fallecidos-por-la-gripe-a-h1n1\/","title":{"rendered":"Aumentan a 22 los fallecidos por la gripe A (H1N1)"},"content":{"rendered":"<p>\nHoy mi\u00e9rcoles, 15 de junio, el Ministerio de Salud dio a conocer que aumentaron a 22 los muertos producto de la gripe A (H1N1) y que se reportan 671 personas afectadas con cuadros respiratorios severos. <\/p>\n<p>El pasado 13 de junio el Gobierno inform\u00f3 que 18 personas hab\u00edan muerto en el pa\u00eds por la gripe A H1N1.\u00a0Panam\u00e1 Oeste, Col\u00f3n, David, Santiago, San Miguelito y Aguadulce son algunas de las \u00e1reas en donde se registraron los decesos. <\/p>\n<p>Las nuevas defunciones se registraron en las provincias de Veraguas, Col\u00f3n y Panam\u00e1 Oeste. Estos casos son investigados por las autoridades sanitarias e igualmente ten\u00edan factores de riesgo. <\/p>\n<p>Se reiter\u00f3 que la prioridad de vacunaci\u00f3n las tienen las personas que est\u00e1n dentro de los grupos de riesgo, o sea menores de cinco a\u00f1os, mayores de 60 a\u00f1os, embarazadas y personas con enfermedades cr\u00f3nicas. <\/p>\n<p>Por otro lado, luego de \u00a0diferentes conversaciones se determin\u00f3 que no se recomienda el cierre de los planteles educativos en el pa\u00eds. <\/p>\n<p>N\u00e9stor Sosa, vocero de la comisi\u00f3n creada por el gobierno para tratar el tema de la influenza, aclar\u00f3 que la decisi\u00f3n de no cerrar los planteles es avalada por las organizaciones Panamericana de la Salud y Mundial de la Salud. <\/p>\n<p>Si se presenta fiebre, tos, estornudos, secreci\u00f3n nasal y fiebre el afectado debe buscar asistencia m\u00e9dica y evitar automedicarse. <\/p>\n<p>\u00a0 <\/p>\n","protected":false},"excerpt":{"rendered":"<p>Hoy mi\u00e9rcoles, 15 de junio, el Ministerio de Salud dio <a href=\"https:\/\/sertv.gob.pa\/nacionalfm\/aumentan-a-22-los-fallecidos-por-la-gripe-a-h1n1\/\"> [&#8230;]<\/a><\/p>\n","protected":false},"author":1,"featured_media":13547,"comment_status":"closed","ping_status":"closed","sticky":false,"template":"","format":"standard","meta":{"footnotes":""},"categories":[5],"tags":[],"class_list":["post-13546","post","type-post","status-publish","format-standard","has-post-thumbnail","hentry","category-salud"],"_links":{"self":[{"href":"https:\/\/sertv.gob.pa\/nacionalfm\/wp-json\/wp\/v2\/posts\/13546","targetHints":{"allow":["GET"]}}],"collection":[{"href":"https:\/\/sertv.gob.pa\/nacionalfm\/wp-json\/wp\/v2\/posts"}],"about":[{"href":"https:\/\/sertv.gob.pa\/nacionalfm\/wp-json\/wp\/v2\/types\/post"}],"author":[{"embeddable":true,"href":"https:\/\/sertv.gob.pa\/nacionalfm\/wp-json\/wp\/v2\/users\/1"}],"replies":[{"embeddable":true,"href":"https:\/\/sertv.gob.pa\/nacionalfm\/wp-json\/wp\/v2\/comments?post=13546"}],"version-history":[{"count":0,"href":"https:\/\/sertv.gob.pa\/nacionalfm\/wp-json\/wp\/v2\/posts\/13546\/revisions"}],"wp:featuredmedia":[{"embeddable":true,"href":"https:\/\/sertv.gob.pa\/nacionalfm\/wp-json\/wp\/v2\/media\/13547"}],"wp:attachment":[{"href":"https:\/\/sertv.gob.pa\/nacionalfm\/wp-json\/wp\/v2\/media?parent=13546"}],"wp:term":[{"taxonomy":"category","embeddable":true,"href":"https:\/\/sertv.gob.pa\/nacionalfm\/wp-json\/wp\/v2\/categories?post=13546"},{"taxonomy":"post_tag","embeddable":true,"href":"https:\/\/sertv.gob.pa\/nacionalfm\/wp-json\/wp\/v2\/tags?post=13546"}],"curies":[{"name":"wp","href":"https:\/\/api.w.org\/{rel}","templated":true}]}}