{"id":13548,"date":"2016-06-15T18:42:55","date_gmt":"2016-06-15T18:42:55","guid":{"rendered":""},"modified":"2016-06-15T18:42:55","modified_gmt":"2016-06-15T18:42:55","slug":"oms-manda-mensaje-sobre-epidemia-del-virus-del-zika","status":"publish","type":"post","link":"https:\/\/sertv.gob.pa\/nacionalfm\/oms-manda-mensaje-sobre-epidemia-del-virus-del-zika\/","title":{"rendered":"OMS manda mensaje sobre epidemia del virus del Zika"},"content":{"rendered":"<p>\nEl Comit\u00e9 de Emergencias de la OMS afirm\u00f3 que los Juegos Ol\u00edmpicos de R\u00edo de Janeiro de este agosto no suponen un peligro adicional a la expansi\u00f3n del virus del Zika, dado que en ese momento el nivel de transmisi\u00f3n &lsquo;ya ser\u00e1 muy bajo&#8217;. <\/p>\n<p>&lsquo;Los eventos masivos pueden suponer un riesgo y ampliar la expansi\u00f3n de un virus, pero en este caso los Juegos Ol\u00edmpicos no lo ser\u00e1n, porque el nivel de transmisi\u00f3n en ese momento ya ser\u00e1 muy bajo&#8217;, afirm\u00f3 el director de Emergencias de la OMS, Bruce Aylward, en conferencia de prensa. <\/p>\n<p>Igualmente, el Comit\u00e9 reiter\u00f3 que no recomienda ninguna restricci\u00f3n a los viajes a las \u00e1reas afectadas, simplemente que las personas que viajen se protejan de las picaduras, a excepci\u00f3n de las embarazadas, a las que s\u00ed se sugiere evitar visitar zonas afectadas. <\/p>\n<p>\u00a0 <\/p>\n","protected":false},"excerpt":{"rendered":"<p>El Comit\u00e9 de Emergencias de la OMS afirm\u00f3 que los <a href=\"https:\/\/sertv.gob.pa\/nacionalfm\/oms-manda-mensaje-sobre-epidemia-del-virus-del-zika\/\"> [&#8230;]<\/a><\/p>\n","protected":false},"author":1,"featured_media":13549,"comment_status":"closed","ping_status":"closed","sticky":false,"template":"","format":"standard","meta":{"footnotes":""},"categories":[5],"tags":[],"class_list":["post-13548","post","type-post","status-publish","format-standard","has-post-thumbnail","hentry","category-salud"],"_links":{"self":[{"href":"https:\/\/sertv.gob.pa\/nacionalfm\/wp-json\/wp\/v2\/posts\/13548","targetHints":{"allow":["GET"]}}],"collection":[{"href":"https:\/\/sertv.gob.pa\/nacionalfm\/wp-json\/wp\/v2\/posts"}],"about":[{"href":"https:\/\/sertv.gob.pa\/nacionalfm\/wp-json\/wp\/v2\/types\/post"}],"author":[{"embeddable":true,"href":"https:\/\/sertv.gob.pa\/nacionalfm\/wp-json\/wp\/v2\/users\/1"}],"replies":[{"embeddable":true,"href":"https:\/\/sertv.gob.pa\/nacionalfm\/wp-json\/wp\/v2\/comments?post=13548"}],"version-history":[{"count":0,"href":"https:\/\/sertv.gob.pa\/nacionalfm\/wp-json\/wp\/v2\/posts\/13548\/revisions"}],"wp:featuredmedia":[{"embeddable":true,"href":"https:\/\/sertv.gob.pa\/nacionalfm\/wp-json\/wp\/v2\/media\/13549"}],"wp:attachment":[{"href":"https:\/\/sertv.gob.pa\/nacionalfm\/wp-json\/wp\/v2\/media?parent=13548"}],"wp:term":[{"taxonomy":"category","embeddable":true,"href":"https:\/\/sertv.gob.pa\/nacionalfm\/wp-json\/wp\/v2\/categories?post=13548"},{"taxonomy":"post_tag","embeddable":true,"href":"https:\/\/sertv.gob.pa\/nacionalfm\/wp-json\/wp\/v2\/tags?post=13548"}],"curies":[{"name":"wp","href":"https:\/\/api.w.org\/{rel}","templated":true}]}}