{"id":13564,"date":"2016-06-16T15:22:06","date_gmt":"2016-06-16T15:22:06","guid":{"rendered":""},"modified":"2016-06-16T15:22:06","modified_gmt":"2016-06-16T15:22:06","slug":"efectividad-de-medicamento-contra-a-h1n1-es-validado","status":"publish","type":"post","link":"https:\/\/sertv.gob.pa\/nacionalfm\/efectividad-de-medicamento-contra-a-h1n1-es-validado\/","title":{"rendered":"Efectividad de medicamento contra A(H1N1) es validado"},"content":{"rendered":"<p>\nLas investigaciones que realizan las autoridades sanitarias sobre el comportamiento del virus de  influenza A(H1N1) \u00a0determin\u00f3 que \u00e9ste no tiene resistencia a los productos farmac\u00e9uticos que se utilizan en su tratamiento. <\/p>\n<p>El  director del Instituto Gorgas de Estudios de la Salud (Icges), N\u00e9stor Sosa , vocero de la comisi\u00f3n de salud para la coordinaci\u00f3n y comunicaci\u00f3n del comportamiento de la enfermedad, explic\u00f3 que los estudios preliminares de la gen\u00e9tica del virus demostraron que   no muestra resistencia al f\u00e1rmaco oseltamivir o tamiflu.  <\/p>\n<p>Sosa explic\u00f3 que este resultado es importante porque beneficia a los pacientes que pueden llegar a requerir de este medicamento. <\/p>\n<p>Por su parte, la especialista en Epidemiolog\u00eda del Ministerio de Salud (Minsa) Lourdes Moreno explic\u00f3 que para probar la eficacia de este f\u00e1rmaco los expertos del Gorgas hicieron cultivos a cepas del virus. <\/p>\n<p>El oseltamivir se usa en los casos agudos y graves de la enfermedad, porque ayuda a los pacientes a mejorar su condici\u00f3n de salud. <\/p>\n<p>A\u00f1adi\u00f3 que   el hecho de que no tenga resistencia a la mencionada medicina podr\u00eda significar que el virus de A(H1N1) no sufri\u00f3 mutaciones o cambios.  <\/p>\n<p>Los miembros de la comisi\u00f3n de salud para la coordinaci\u00f3n y comunicaci\u00f3n del comportamiento de la enfermedad informaron ayer que en las \u00faltimas 48 horas no se han reportado muertes relacionadas con la enfermedad. <\/p>\n<p>La cifra se encuentra en 22 v\u00edctimas fatales desde que se declar\u00f3 la alerta epidemiol\u00f3gica, y a 25 en los primeros 6 meses del a\u00f1o. <\/p>\n<p>La jefa del departamento de Epidemiolog\u00eda del Minsa, Lourdes Garc\u00eda, detall\u00f3 que  los fallecidos eran personas adultas con una enfermedad cr\u00f3nica.  <\/p>\n","protected":false},"excerpt":{"rendered":"<p>Las investigaciones que realizan las autoridades sanitarias sobre el comportamiento <a href=\"https:\/\/sertv.gob.pa\/nacionalfm\/efectividad-de-medicamento-contra-a-h1n1-es-validado\/\"> [&#8230;]<\/a><\/p>\n","protected":false},"author":1,"featured_media":13565,"comment_status":"closed","ping_status":"closed","sticky":false,"template":"","format":"standard","meta":{"footnotes":""},"categories":[5],"tags":[],"class_list":["post-13564","post","type-post","status-publish","format-standard","has-post-thumbnail","hentry","category-salud"],"_links":{"self":[{"href":"https:\/\/sertv.gob.pa\/nacionalfm\/wp-json\/wp\/v2\/posts\/13564","targetHints":{"allow":["GET"]}}],"collection":[{"href":"https:\/\/sertv.gob.pa\/nacionalfm\/wp-json\/wp\/v2\/posts"}],"about":[{"href":"https:\/\/sertv.gob.pa\/nacionalfm\/wp-json\/wp\/v2\/types\/post"}],"author":[{"embeddable":true,"href":"https:\/\/sertv.gob.pa\/nacionalfm\/wp-json\/wp\/v2\/users\/1"}],"replies":[{"embeddable":true,"href":"https:\/\/sertv.gob.pa\/nacionalfm\/wp-json\/wp\/v2\/comments?post=13564"}],"version-history":[{"count":0,"href":"https:\/\/sertv.gob.pa\/nacionalfm\/wp-json\/wp\/v2\/posts\/13564\/revisions"}],"wp:featuredmedia":[{"embeddable":true,"href":"https:\/\/sertv.gob.pa\/nacionalfm\/wp-json\/wp\/v2\/media\/13565"}],"wp:attachment":[{"href":"https:\/\/sertv.gob.pa\/nacionalfm\/wp-json\/wp\/v2\/media?parent=13564"}],"wp:term":[{"taxonomy":"category","embeddable":true,"href":"https:\/\/sertv.gob.pa\/nacionalfm\/wp-json\/wp\/v2\/categories?post=13564"},{"taxonomy":"post_tag","embeddable":true,"href":"https:\/\/sertv.gob.pa\/nacionalfm\/wp-json\/wp\/v2\/tags?post=13564"}],"curies":[{"name":"wp","href":"https:\/\/api.w.org\/{rel}","templated":true}]}}