{"id":13580,"date":"2016-06-16T22:48:26","date_gmt":"2016-06-16T22:48:26","guid":{"rendered":""},"modified":"2016-06-16T22:48:26","modified_gmt":"2016-06-16T22:48:26","slug":"panama-se-prepara-para-panamericano-sub-16-de-beisbol","status":"publish","type":"post","link":"https:\/\/sertv.gob.pa\/nacionalfm\/panama-se-prepara-para-panamericano-sub-16-de-beisbol\/","title":{"rendered":"Panam\u00e1 se prepara para Panamericano Sub-16 de B\u00e9isbol"},"content":{"rendered":"<p>\nPanam\u00e1 ser\u00e1 sede del Campeonato Panamericano de b\u00e9isbol Sub-16, bajo el aval de la Confederaci\u00f3n Panamericana de B\u00e9isbol. El evento se efectuar\u00e1 del 3 al 10 de julio. <\/p>\n<p>Dentro de estos informes se eval\u00faa el de la Comisi\u00f3n de Estadios, en base a que tambi\u00e9n se tengan listos coliseos alternos, como el Justino Salinas de La Chorrera, el Rem\u00f3n Cantera de Aguadulce y el Omar Torrijos de Santiago para hacerle frente a la suspensi\u00f3n del alg\u00fan partido por efectos de la lluvia. <\/p>\n<p>El Panamericano Sub-16 se inaugurar\u00e1 el domingo 3 de julio en el estadio Rod Carew, que ser\u00e1 la sede del Grupo A, el B jugar\u00e1 en el Rico Cede\u00f1o, con una programaci\u00f3n diaria de tres partidos desde las 9 de la ma\u00f1ana. <\/p>\n<p>Para este certamen han confirmado las delegaciones de Argentina, Brasil, Colombia, Cuba, Dominicana, Ecuador, Estados Unidos, Honduras, M\u00e9xico y Venezuela. Panam\u00e1 contar\u00e1 con el seleccionado sub-16, bajo la direcci\u00f3n del cubano Rigoberto Blanco y el Sub-15, con la conducci\u00f3n de Manuel Rodr\u00edguez, como preparaci\u00f3n para el Mundial de Jap\u00f3n. <\/p>\n<p>\u00a0 <\/p>\n","protected":false},"excerpt":{"rendered":"<p>Panam\u00e1 ser\u00e1 sede del Campeonato Panamericano de b\u00e9isbol Sub-16, bajo <a href=\"https:\/\/sertv.gob.pa\/nacionalfm\/panama-se-prepara-para-panamericano-sub-16-de-beisbol\/\"> [&#8230;]<\/a><\/p>\n","protected":false},"author":1,"featured_media":13581,"comment_status":"closed","ping_status":"closed","sticky":false,"template":"","format":"standard","meta":{"footnotes":""},"categories":[4],"tags":[],"class_list":["post-13580","post","type-post","status-publish","format-standard","has-post-thumbnail","hentry","category-deportes"],"_links":{"self":[{"href":"https:\/\/sertv.gob.pa\/nacionalfm\/wp-json\/wp\/v2\/posts\/13580","targetHints":{"allow":["GET"]}}],"collection":[{"href":"https:\/\/sertv.gob.pa\/nacionalfm\/wp-json\/wp\/v2\/posts"}],"about":[{"href":"https:\/\/sertv.gob.pa\/nacionalfm\/wp-json\/wp\/v2\/types\/post"}],"author":[{"embeddable":true,"href":"https:\/\/sertv.gob.pa\/nacionalfm\/wp-json\/wp\/v2\/users\/1"}],"replies":[{"embeddable":true,"href":"https:\/\/sertv.gob.pa\/nacionalfm\/wp-json\/wp\/v2\/comments?post=13580"}],"version-history":[{"count":0,"href":"https:\/\/sertv.gob.pa\/nacionalfm\/wp-json\/wp\/v2\/posts\/13580\/revisions"}],"wp:featuredmedia":[{"embeddable":true,"href":"https:\/\/sertv.gob.pa\/nacionalfm\/wp-json\/wp\/v2\/media\/13581"}],"wp:attachment":[{"href":"https:\/\/sertv.gob.pa\/nacionalfm\/wp-json\/wp\/v2\/media?parent=13580"}],"wp:term":[{"taxonomy":"category","embeddable":true,"href":"https:\/\/sertv.gob.pa\/nacionalfm\/wp-json\/wp\/v2\/categories?post=13580"},{"taxonomy":"post_tag","embeddable":true,"href":"https:\/\/sertv.gob.pa\/nacionalfm\/wp-json\/wp\/v2\/tags?post=13580"}],"curies":[{"name":"wp","href":"https:\/\/api.w.org\/{rel}","templated":true}]}}